{"id":1766,"date":"2014-01-06T00:00:08","date_gmt":"2014-01-05T23:00:08","guid":{"rendered":"http:\/\/www.lelag.fr\/site\/?p=1766"},"modified":"2014-03-27T15:36:09","modified_gmt":"2014-03-27T14:36:09","slug":"vers-madrid-the-burning-bright","status":"publish","type":"post","link":"https:\/\/www.lelag.fr\/site\/vers-madrid-the-burning-bright\/","title":{"rendered":"Vers Madrid &#8211; The Burning Bright!"},"content":{"rendered":"<p>&nbsp;<\/p>\n<p><strong>Programmation au LAG en ouverture du <a title=\"Bobines Rebelles 2014\" href=\"http:\/\/www.lelag.fr\/site\/cinema\/bobines-rebelles\/bobines-rebelles-2014\/\">festival Bobines rebelles 2014<\/a> : vendredi 11 avril 2014 \u00e0 19h30<br \/>\n<\/strong><\/p>\n<p><strong>Un film de Sylvain George &#8211; 2013 &#8211; France &#8211; 130 minutes<br \/>\n<\/strong><\/p>\n<p><strong>En pr\u00e9sence de Sylvain George<\/strong><\/p>\n<div id=\"attachment_1767\" style=\"width: 310px\" class=\"wp-caption aligncenter\"><a href=\"http:\/\/www.lelag.fr\/site\/wp-content\/uploads\/2014\/01\/VersMadrid.jpg\"><img loading=\"lazy\" decoding=\"async\" aria-describedby=\"caption-attachment-1767\" class=\"size-medium wp-image-1767\" alt=\"Vers Madrid (The Burning Bright!), , Sylvain George\" src=\"http:\/\/www.lelag.fr\/site\/wp-content\/uploads\/2014\/01\/VersMadrid-300x240.jpg\" width=\"300\" height=\"240\" srcset=\"https:\/\/www.lelag.fr\/site\/wp-content\/uploads\/2014\/01\/VersMadrid-300x240.jpg 300w, https:\/\/www.lelag.fr\/site\/wp-content\/uploads\/2014\/01\/VersMadrid.jpg 600w\" sizes=\"auto, (max-width: 300px) 100vw, 300px\" \/><\/a><p id=\"caption-attachment-1767\" class=\"wp-caption-text\">Vers Madrid (The Burning Bright!), Sylvain George<\/p><\/div>\n<p>&nbsp;<\/p>\n<h2>\u00a0R\u00e9sum\u00e9<\/h2>\n<p>2011 et 2012 : n\u00e9 sur la place de la Puerta del Sol \u00e0 Madrid, Le mouvement des <strong>Indign\u00e9s<\/strong> (<strong>Indignados<\/strong>) ou <strong>Mouvement 15-M<\/strong> (15 mai 2011 : appel \u00e0 la mobilisation pour r\u00e9clamer une v\u00e9ritable d\u00e9mocratie; pr\u00e8s de 200 manifestants se r\u00e9unissent en assembl\u00e9e et d\u00e9cident de s&rsquo;organiser pour passer la nuit sur la Puerta del Sol) rassemble des centaines de milliers de manifestants dans une centaine de villes, se prolongeant par divers modes d\u2019action : campements, marches&#8230;<\/p>\n<p><strong>Ce mouvement, in\u00e9dit par son ampleur et ses revendications, se poursuit encore actuellement. R\u00e9guli\u00e8rement, des manifestants ou des organisations se r\u00e9clament des Indign\u00e9s<\/strong>.<\/p>\n<p>\u00ab\u00a0Vers Madrid \u2013 The Burning Bright!\u00a0\u00bb pr\u00e9sente des vues, des sc\u00e8nes, des moments de ces \u00e9v\u00e8nements \u00e0 Madrid en 2011 et 2012. Le 15 M est le premier \u00ab mouvement \u00bb d\u2019envergure du XXIe si\u00e8cle que connaissent les soci\u00e9t\u00e9s occidentales. Le documentaire de Sylvain George essaie d\u2019attester des <strong>exp\u00e9rimentations politiques<\/strong> et des <strong>formes de vie nouvelles<\/strong> mises en \u0153uvre \u00e0 cette occasion.<\/p>\n<h2>L&rsquo;opinion du r\u00e9alisateur<\/h2>\n<pre>Ce film est un newsreel. Un newsreel qui pr\u00e9sente des vues, des \r\nsc\u00e8nes, des moments de la lutte des classes et de la r\u00e9volution \u00e0 \r\nMadrid en 2011 et 2012.\r\nUn \"newsreel exp\u00e9rimental\", qui essaie d\u2019attester des \r\nexp\u00e9rimentations politiques et des formes de vie nouvelles mises en \r\n\u0153uvre par des peuples et des g\u00e9n\u00e9rations d\u2019individus trop longtemps \r\nmaintenus dans le silence.\r\nLe 15 M est le premier \"mouvement\" d\u2019envergure du XXIe si\u00e8cle que \r\nconnaissent les soci\u00e9t\u00e9s occidentales. Un mouvement profond, \r\ntranshistorique et transfronti\u00e8re, qui vient de loin, qui r\u00e9active \r\net travaille des concepts et notions trop longtemps oubli\u00e9s : demos, \r\nlogos, r\u00e9volution\u2026\r\nPlace Puerta de Sol, pass\u00e9 et futur se rencontrent dans le pr\u00e9sent \r\no\u00f9 ils se r\u00e9inventent constamment. Vers Madrid, Place Puerta del Sol, \r\nles pays d'Europe et du monde se sont tourn\u00e9s comme les fleurs vers \r\nle soleil.<\/pre>\n<h2>Sylvain George<\/h2>\n<ul>\n<li><a title=\"Sylvain George\" href=\"http:\/\/fr.wikipedia.org\/wiki\/Sylvain_George\">Sur Wikip\u00e9dia<\/a><\/li>\n<\/ul>\n","protected":false},"excerpt":{"rendered":"<p>&nbsp; Programmation au LAG en ouverture du festival Bobines rebelles 2014 : vendredi 11 avril 2014 \u00e0 19h30 Un film de Sylvain George &#8211; 2013 &#8211; France &#8211; 130 minutes En pr\u00e9sence de Sylvain George &nbsp; \u00a0R\u00e9sum\u00e9 2011 et 2012 &hellip; <a href=\"https:\/\/www.lelag.fr\/site\/vers-madrid-the-burning-bright\/\">Continuer la lecture <span class=\"meta-nav\">&rarr;<\/span><\/a><\/p>\n","protected":false},"author":1,"featured_media":0,"comment_status":"closed","ping_status":"closed","sticky":false,"template":"","format":"standard","meta":{"footnotes":""},"categories":[8],"tags":[],"class_list":["post-1766","post","type-post","status-publish","format-standard","hentry","category-bobines-rebelles-2014"],"_links":{"self":[{"href":"https:\/\/www.lelag.fr\/site\/wp-json\/wp\/v2\/posts\/1766","targetHints":{"allow":["GET"]}}],"collection":[{"href":"https:\/\/www.lelag.fr\/site\/wp-json\/wp\/v2\/posts"}],"about":[{"href":"https:\/\/www.lelag.fr\/site\/wp-json\/wp\/v2\/types\/post"}],"author":[{"embeddable":true,"href":"https:\/\/www.lelag.fr\/site\/wp-json\/wp\/v2\/users\/1"}],"replies":[{"embeddable":true,"href":"https:\/\/www.lelag.fr\/site\/wp-json\/wp\/v2\/comments?post=1766"}],"version-history":[{"count":10,"href":"https:\/\/www.lelag.fr\/site\/wp-json\/wp\/v2\/posts\/1766\/revisions"}],"predecessor-version":[{"id":2074,"href":"https:\/\/www.lelag.fr\/site\/wp-json\/wp\/v2\/posts\/1766\/revisions\/2074"}],"wp:attachment":[{"href":"https:\/\/www.lelag.fr\/site\/wp-json\/wp\/v2\/media?parent=1766"}],"wp:term":[{"taxonomy":"category","embeddable":true,"href":"https:\/\/www.lelag.fr\/site\/wp-json\/wp\/v2\/categories?post=1766"},{"taxonomy":"post_tag","embeddable":true,"href":"https:\/\/www.lelag.fr\/site\/wp-json\/wp\/v2\/tags?post=1766"}],"curies":[{"name":"wp","href":"https:\/\/api.w.org\/{rel}","templated":true}]}}