{"id":1746,"date":"2014-01-07T00:00:09","date_gmt":"2014-01-06T23:00:09","guid":{"rendered":"http:\/\/www.lelag.fr\/site\/?p=1746"},"modified":"2014-02-03T18:39:46","modified_gmt":"2014-02-03T17:39:46","slug":"marie-josephe-bonnet-histoires-damours-feminines","status":"publish","type":"post","link":"https:\/\/www.lelag.fr\/site\/marie-josephe-bonnet-histoires-damours-feminines\/","title":{"rendered":"Marie-Jos\u00e8phe Bonnet &#8211; Histoires d&rsquo;amours f\u00e9minines"},"content":{"rendered":"<p><strong>Programmation au LAG : vendredi 4 avril &#8211; 20h00, dans le cadre du cycle <a title=\"Docu Femmes\" href=\"http:\/\/lag.bassinminier62.org\/site\/projets-2012-2013\/docu-femmes\/\">Docu Femmes<\/a><\/strong><\/p>\n<p><strong>En pr\u00e9sence de Marie-Jos\u00e8phe Bonnet.<\/strong><\/p>\n<p>Un documentaire de Elsa Bloch &#8211; France &#8211; 2013 &#8211; 52&prime;<\/p>\n<div id=\"attachment_1762\" style=\"width: 310px\" class=\"wp-caption aligncenter\"><a href=\"http:\/\/www.lelag.fr\/site\/wp-content\/uploads\/2014\/01\/MarieJosepheBonnet.jpg\"><img loading=\"lazy\" decoding=\"async\" aria-describedby=\"caption-attachment-1762\" class=\"size-medium wp-image-1762\" alt=\"Marie-Jos\u00e8phe Bonnet\" src=\"http:\/\/www.lelag.fr\/site\/wp-content\/uploads\/2014\/01\/MarieJosepheBonnet-300x168.jpg\" width=\"300\" height=\"168\" srcset=\"https:\/\/www.lelag.fr\/site\/wp-content\/uploads\/2014\/01\/MarieJosepheBonnet-300x168.jpg 300w, https:\/\/www.lelag.fr\/site\/wp-content\/uploads\/2014\/01\/MarieJosepheBonnet.jpg 460w\" sizes=\"auto, (max-width: 300px) 100vw, 300px\" \/><\/a><p id=\"caption-attachment-1762\" class=\"wp-caption-text\">Marie-Jos\u00e8phe Bonnet<\/p><\/div>\n<h2><strong>R\u00e9sum\u00e9<\/strong><\/h2>\n<p>\u00ab Femmes qui refusons le r\u00f4le d\u2019\u00e9pouse et de m\u00e8re, l\u2019heure est venue, o\u00f9 du fond du silence il nous faut parler ! \u00bb disait Marie-Jos\u00e8phe Bonnet lors d\u2019une action du MLF en 1972. Le film dresse le portrait de cette historienne port\u00e9e par le souffle de la r\u00e9volte collective et de ses propres questionnements. On y d\u00e9couvre une chercheuse enthousiaste et singuli\u00e8re dont la th\u00e8se sur l\u2019histoire des amours entre femmes reste une r\u00e9f\u00e9rence. Travaux historiques et parcours personnel se croisent dans cette parole d\u2019\u00e9crivaine, d&rsquo;historienne de l&rsquo;art, et de femme, dans la Cit\u00e9. Son engagement dans les combats du MLF, des Gouines Rouges, de la Spirale, s\u2019inscrit dans le sillage des femmes libres qui nous ont pr\u00e9c\u00e9d\u00e9es tout en ouvrant de nouveaux champs\u2026<\/p>\n<p>Comme ses livres et ses recherches, le film se donne pour ambition de <em>\u00ab\u00a0rendre mieux perceptible la pr\u00e9sence des lesbiennes dans la Cit\u00e9 en leur apportant des fondements historiques (&#8230;) Peut-\u00eatre alors cet amour sera-t-il alors enfin reconnu comme l&rsquo;un des leviers de la lib\u00e9ration des femmes\u00a0\u00bb.<\/em> Marie-Jo Bonnet &#8211; les relations amoureuses entre les femmes &#8211; Ed Odile Jacob<\/p>\n<p>Le film fait s&rsquo;entrecroiser recherches historiques et t\u00e9moignages de luttes f\u00e9ministes.<\/p>\n<h2>Sur internet<\/h2>\n<ul>\n<li><a href=\"http:\/\/mariejobon.net\/\">Le site de Marie-Jo Bonnet.<\/a><\/li>\n<\/ul>\n<h2>Au LAG<\/h2>\n<div id=\"attachment_1749\" style=\"width: 225px\" class=\"wp-caption aligncenter\"><a href=\"http:\/\/www.lelag.fr\/site\/wp-content\/uploads\/2014\/01\/MarieJoBonnet-Histoire-Emancipation-Femmes.jpg\"><img loading=\"lazy\" decoding=\"async\" aria-describedby=\"caption-attachment-1749\" class=\" wp-image-1749   \" alt=\"Histoire de l'\u00e9mancipation des femmes - Marie-Jos\u00e8phe Bonnet\" src=\"http:\/\/www.lelag.fr\/site\/wp-content\/uploads\/2014\/01\/MarieJoBonnet-Histoire-Emancipation-Femmes-748x1024.jpg\" width=\"215\" height=\"295\" srcset=\"https:\/\/www.lelag.fr\/site\/wp-content\/uploads\/2014\/01\/MarieJoBonnet-Histoire-Emancipation-Femmes-748x1024.jpg 748w, https:\/\/www.lelag.fr\/site\/wp-content\/uploads\/2014\/01\/MarieJoBonnet-Histoire-Emancipation-Femmes-219x300.jpg 219w, https:\/\/www.lelag.fr\/site\/wp-content\/uploads\/2014\/01\/MarieJoBonnet-Histoire-Emancipation-Femmes.jpg 1296w\" sizes=\"auto, (max-width: 215px) 100vw, 215px\" \/><\/a><p id=\"caption-attachment-1749\" class=\"wp-caption-text\">Histoire de l&rsquo;\u00e9mancipation des femmes &#8211; Marie-Jos\u00e8phe Bonnet<\/p><\/div>\n<p><strong>Ce livre est disponible \u00e0 la biblioth\u00e8que du LAG, et peut \u00eatre emprunt\u00e9 lors des permanences, chaque jeudi de 18h00 \u00e0 20h00.<\/strong><\/p>\n<h2>Apr\u00e8s le film et les \u00e9changes&#8230;<\/h2>\n<p>Ce vendredi 4 avril, apr\u00e8s le film et les \u00e9changes qui suivront, Marie-Jo Bonnet pr\u00e9sentera son dernier ouvrage.<\/p>\n<p>&nbsp;<\/p>\n<div id=\"attachment_1932\" style=\"width: 205px\" class=\"wp-caption aligncenter\"><a href=\"http:\/\/www.lelag.fr\/site\/wp-content\/uploads\/2014\/01\/AdieuLesRebelles.jpg\"><img loading=\"lazy\" decoding=\"async\" aria-describedby=\"caption-attachment-1932\" class=\"size-medium wp-image-1932\" alt=\"Adieu les rebelles !\" src=\"http:\/\/www.lelag.fr\/site\/wp-content\/uploads\/2014\/01\/AdieuLesRebelles-195x300.jpg\" width=\"195\" height=\"300\" srcset=\"https:\/\/www.lelag.fr\/site\/wp-content\/uploads\/2014\/01\/AdieuLesRebelles-195x300.jpg 195w, https:\/\/www.lelag.fr\/site\/wp-content\/uploads\/2014\/01\/AdieuLesRebelles-666x1024.jpg 666w, https:\/\/www.lelag.fr\/site\/wp-content\/uploads\/2014\/01\/AdieuLesRebelles.jpg 1537w\" sizes=\"auto, (max-width: 195px) 100vw, 195px\" \/><\/a><p id=\"caption-attachment-1932\" class=\"wp-caption-text\">Adieu les rebelles !<\/p><\/div>\n<p>&nbsp;<\/p>\n<p>Serait-il plus difficile d\u2019\u00e9tablir l\u2019\u00e9galit\u00e9 entre les sexes qu\u2019entres les sexualit\u00e9s\u00a0? Le mariage pour tous est-il un progr\u00e8s ou les habits neufs de l\u2019ordre patriarcal, une normalisation qui sonne le glas de la contre culture et de l\u2019\u00e9mancipation f\u00e9minine\u00a0? Adieu les rebelles\u00a0!<\/p>\n<p>Marie-Jos\u00e8phe Bonnet tire la sonnette d\u2019alarme\u00a0: La revendication d\u2019un \u00ab\u00a0droit \u00e0 l\u2019enfant\u00a0\u00bb par le recours \u00e0 des techniques m\u00e9dicales susceptibles de r\u00e9volutionner la filiation et un projet \u00ab\u00a0d\u2019\u00e9mancipation du biologique\u00a0\u00bb sont la suite logique du mariage pour tous. Le risque est grand de d\u00e9boucher alors sur un nouvel esclavage des femmes et un renouveau de la guerre des sexes\u2026<\/p>\n<p>Une minorit\u00e9 est en train de faire le jeu du N\u00e9olib\u00e9ralisme, ce fl\u00e9au qui n\u2019en finit pas de d\u00e9structurer les vies, les consciences, l\u2019\u00e9conomie, le lien social et l\u2019avenir de la plan\u00e8te, au nom du profit. Elle se travestit sous le sublime oripeau de l\u2019\u00e9galit\u00e9 quand elle ne roule que pour le privil\u00e8ge de quelques-uns.<\/p>\n<p>Marie-Jos\u00e8phe Bonnet analyse dans cet essai coup de poing une transformation radicale et r\u00e9gressive de notre soci\u00e9t\u00e9 et explique, avec une argumentation tr\u00e8s convaincante, son profond d\u00e9saccord devant les orientations r\u00e9centes du mouvement homosexuel qui a abandonn\u00e9 son projet initial d\u2019\u00e9mancipation collective.<\/p>\n<p>\u00c0 consulter \u00e0 propos de ce livre, <a href=\"http:\/\/www.huffingtonpost.fr\/eliette-abecassis\/livre-feminisme-marie-josephe-bonnet_b_4635384.html\">la critique de Eliette ABECASSIS dans le Huffington post.<\/a><\/p>\n<h2>\u00c0 lire<\/h2>\n<ul>\n<li><a href=\"http:\/\/www.lelag.fr\/site\/wp-content\/uploads\/2014\/01\/20130118-MarieJoBonnet-Elle.pdf\">Une interview de Marie-Jos\u00e8phe Bonnet, dans le journal Elle, en janvier 2013.<\/a><\/li>\n<\/ul>\n<div id=\"attachment_1752\" style=\"width: 280px\" class=\"wp-caption alignleft\"><a href=\"http:\/\/www.lelag.fr\/site\/wp-content\/uploads\/2014\/01\/MarieJosepheBonnet-O1.jpg\"><img loading=\"lazy\" decoding=\"async\" aria-describedby=\"caption-attachment-1752\" class=\" wp-image-1752  \" alt=\"Marie-Jo Bonnet\" src=\"http:\/\/www.lelag.fr\/site\/wp-content\/uploads\/2014\/01\/MarieJosepheBonnet-O1-300x156.jpg\" width=\"270\" height=\"140\" srcset=\"https:\/\/www.lelag.fr\/site\/wp-content\/uploads\/2014\/01\/MarieJosepheBonnet-O1-300x156.jpg 300w, https:\/\/www.lelag.fr\/site\/wp-content\/uploads\/2014\/01\/MarieJosepheBonnet-O1.jpg 439w\" sizes=\"auto, (max-width: 270px) 100vw, 270px\" \/><\/a><p id=\"caption-attachment-1752\" class=\"wp-caption-text\">Marie-Jo Bonnet<\/p><\/div>\n<div id=\"attachment_1754\" style=\"width: 280px\" class=\"wp-caption alignright\"><a href=\"http:\/\/www.lelag.fr\/site\/wp-content\/uploads\/2014\/01\/MarieJosepheBonnet-O3.jpg\"><img loading=\"lazy\" decoding=\"async\" aria-describedby=\"caption-attachment-1754\" class=\" wp-image-1754  \" alt=\"Marie-Jo Bonnet\" src=\"http:\/\/www.lelag.fr\/site\/wp-content\/uploads\/2014\/01\/MarieJosepheBonnet-O3-300x159.jpg\" width=\"270\" height=\"143\" srcset=\"https:\/\/www.lelag.fr\/site\/wp-content\/uploads\/2014\/01\/MarieJosepheBonnet-O3-300x159.jpg 300w, https:\/\/www.lelag.fr\/site\/wp-content\/uploads\/2014\/01\/MarieJosepheBonnet-O3.jpg 441w\" sizes=\"auto, (max-width: 270px) 100vw, 270px\" \/><\/a><p id=\"caption-attachment-1754\" class=\"wp-caption-text\">Marie-Jo Bonnet<\/p><\/div>\n<div id=\"attachment_1753\" style=\"width: 280px\" class=\"wp-caption alignleft\"><a href=\"http:\/\/www.lelag.fr\/site\/wp-content\/uploads\/2014\/01\/MarieJosepheBonnet-O2.jpg\"><img loading=\"lazy\" decoding=\"async\" aria-describedby=\"caption-attachment-1753\" class=\" wp-image-1753 \" alt=\"Marie-Jo Bonnet\" src=\"http:\/\/www.lelag.fr\/site\/wp-content\/uploads\/2014\/01\/MarieJosepheBonnet-O2-300x153.jpg\" width=\"270\" height=\"138\" srcset=\"https:\/\/www.lelag.fr\/site\/wp-content\/uploads\/2014\/01\/MarieJosepheBonnet-O2-300x153.jpg 300w, https:\/\/www.lelag.fr\/site\/wp-content\/uploads\/2014\/01\/MarieJosepheBonnet-O2.jpg 440w\" sizes=\"auto, (max-width: 270px) 100vw, 270px\" \/><\/a><p id=\"caption-attachment-1753\" class=\"wp-caption-text\">Marie-Jo Bonnet<\/p><\/div>\n<div id=\"attachment_1755\" style=\"width: 280px\" class=\"wp-caption alignright\"><a href=\"http:\/\/www.lelag.fr\/site\/wp-content\/uploads\/2014\/01\/MarieJosepheBonnet-O4.jpg\"><img loading=\"lazy\" decoding=\"async\" aria-describedby=\"caption-attachment-1755\" class=\" wp-image-1755 \" alt=\"Marie-Jo Bonnet\" src=\"http:\/\/www.lelag.fr\/site\/wp-content\/uploads\/2014\/01\/MarieJosepheBonnet-O4-300x164.jpg\" width=\"270\" height=\"148\" srcset=\"https:\/\/www.lelag.fr\/site\/wp-content\/uploads\/2014\/01\/MarieJosepheBonnet-O4-300x164.jpg 300w, https:\/\/www.lelag.fr\/site\/wp-content\/uploads\/2014\/01\/MarieJosepheBonnet-O4.jpg 429w\" sizes=\"auto, (max-width: 270px) 100vw, 270px\" \/><\/a><p id=\"caption-attachment-1755\" class=\"wp-caption-text\">Marie-Jo Bonnet<\/p><\/div>\n<div id=\"attachment_1756\" style=\"width: 280px\" class=\"wp-caption alignleft\"><a href=\"http:\/\/www.lelag.fr\/site\/wp-content\/uploads\/2014\/01\/MarieJosepheBonnet-O5.jpg\"><img loading=\"lazy\" decoding=\"async\" aria-describedby=\"caption-attachment-1756\" class=\" wp-image-1756 \" alt=\"Marie-Jo Bonnet\" src=\"http:\/\/www.lelag.fr\/site\/wp-content\/uploads\/2014\/01\/MarieJosepheBonnet-O5-300x167.jpg\" width=\"270\" height=\"150\" srcset=\"https:\/\/www.lelag.fr\/site\/wp-content\/uploads\/2014\/01\/MarieJosepheBonnet-O5-300x167.jpg 300w, https:\/\/www.lelag.fr\/site\/wp-content\/uploads\/2014\/01\/MarieJosepheBonnet-O5.jpg 427w\" sizes=\"auto, (max-width: 270px) 100vw, 270px\" \/><\/a><p id=\"caption-attachment-1756\" class=\"wp-caption-text\">Marie-Jo Bonnet<\/p><\/div>\n<div id=\"attachment_1757\" style=\"width: 280px\" class=\"wp-caption alignright\"><a href=\"http:\/\/www.lelag.fr\/site\/wp-content\/uploads\/2014\/01\/MarieJosepheBonnet-O6.jpg\"><img loading=\"lazy\" decoding=\"async\" aria-describedby=\"caption-attachment-1757\" class=\" wp-image-1757 \" alt=\"Marie-Jo Bonnet\" src=\"http:\/\/www.lelag.fr\/site\/wp-content\/uploads\/2014\/01\/MarieJosepheBonnet-O6-300x162.jpg\" width=\"270\" height=\"146\" srcset=\"https:\/\/www.lelag.fr\/site\/wp-content\/uploads\/2014\/01\/MarieJosepheBonnet-O6-300x162.jpg 300w, https:\/\/www.lelag.fr\/site\/wp-content\/uploads\/2014\/01\/MarieJosepheBonnet-O6.jpg 450w\" sizes=\"auto, (max-width: 270px) 100vw, 270px\" \/><\/a><p id=\"caption-attachment-1757\" class=\"wp-caption-text\">Marie-Jo Bonnet<\/p><\/div>\n<div id=\"attachment_1758\" style=\"width: 280px\" class=\"wp-caption alignleft\"><a href=\"http:\/\/www.lelag.fr\/site\/wp-content\/uploads\/2014\/01\/MarieJosepheBonnet-O7.jpg\"><img loading=\"lazy\" decoding=\"async\" aria-describedby=\"caption-attachment-1758\" class=\" wp-image-1758 \" alt=\"Marie-Jo Bonnet\" src=\"http:\/\/www.lelag.fr\/site\/wp-content\/uploads\/2014\/01\/MarieJosepheBonnet-O7-300x164.jpg\" width=\"270\" height=\"148\" srcset=\"https:\/\/www.lelag.fr\/site\/wp-content\/uploads\/2014\/01\/MarieJosepheBonnet-O7-300x164.jpg 300w, https:\/\/www.lelag.fr\/site\/wp-content\/uploads\/2014\/01\/MarieJosepheBonnet-O7.jpg 451w\" sizes=\"auto, (max-width: 270px) 100vw, 270px\" \/><\/a><p id=\"caption-attachment-1758\" class=\"wp-caption-text\">Marie-Jo Bonnet<\/p><\/div>\n","protected":false},"excerpt":{"rendered":"<p>Programmation au LAG : vendredi 4 avril &#8211; 20h00, dans le cadre du cycle Docu Femmes En pr\u00e9sence de Marie-Jos\u00e8phe Bonnet. Un documentaire de Elsa Bloch &#8211; France &#8211; 2013 &#8211; 52&prime; R\u00e9sum\u00e9 \u00ab Femmes qui refusons le r\u00f4le d\u2019\u00e9pouse &hellip; <a href=\"https:\/\/www.lelag.fr\/site\/marie-josephe-bonnet-histoires-damours-feminines\/\">Continuer la lecture <span class=\"meta-nav\">&rarr;<\/span><\/a><\/p>\n","protected":false},"author":1,"featured_media":0,"comment_status":"closed","ping_status":"closed","sticky":false,"template":"","format":"standard","meta":{"footnotes":""},"categories":[9],"tags":[],"class_list":["post-1746","post","type-post","status-publish","format-standard","hentry","category-docu-femmes-2014"],"_links":{"self":[{"href":"https:\/\/www.lelag.fr\/site\/wp-json\/wp\/v2\/posts\/1746","targetHints":{"allow":["GET"]}}],"collection":[{"href":"https:\/\/www.lelag.fr\/site\/wp-json\/wp\/v2\/posts"}],"about":[{"href":"https:\/\/www.lelag.fr\/site\/wp-json\/wp\/v2\/types\/post"}],"author":[{"embeddable":true,"href":"https:\/\/www.lelag.fr\/site\/wp-json\/wp\/v2\/users\/1"}],"replies":[{"embeddable":true,"href":"https:\/\/www.lelag.fr\/site\/wp-json\/wp\/v2\/comments?post=1746"}],"version-history":[{"count":15,"href":"https:\/\/www.lelag.fr\/site\/wp-json\/wp\/v2\/posts\/1746\/revisions"}],"predecessor-version":[{"id":1935,"href":"https:\/\/www.lelag.fr\/site\/wp-json\/wp\/v2\/posts\/1746\/revisions\/1935"}],"wp:attachment":[{"href":"https:\/\/www.lelag.fr\/site\/wp-json\/wp\/v2\/media?parent=1746"}],"wp:term":[{"taxonomy":"category","embeddable":true,"href":"https:\/\/www.lelag.fr\/site\/wp-json\/wp\/v2\/categories?post=1746"},{"taxonomy":"post_tag","embeddable":true,"href":"https:\/\/www.lelag.fr\/site\/wp-json\/wp\/v2\/tags?post=1746"}],"curies":[{"name":"wp","href":"https:\/\/api.w.org\/{rel}","templated":true}]}}