{"id":1736,"date":"2013-12-27T16:20:31","date_gmt":"2013-12-27T15:20:31","guid":{"rendered":"http:\/\/www.lelag.fr\/site\/?p=1736"},"modified":"2013-12-27T16:22:03","modified_gmt":"2013-12-27T15:22:03","slug":"11-janvier-2014-un-an-deja","status":"publish","type":"post","link":"https:\/\/www.lelag.fr\/site\/11-janvier-2014-un-an-deja\/","title":{"rendered":"11 janvier 2014 : un an d\u00e9j\u00e0 !"},"content":{"rendered":"<p>Le LAG f\u00eate sa premi\u00e8re ann\u00e9e !<\/p>\n<p>Et on compte sur vous pour f\u00eater \u00e7a avec nous !<\/p>\n<p><a href=\"http:\/\/www.lelag.fr\/site\/wp-content\/uploads\/2013\/12\/20140111-AnniversaireLAG.pdf\">Le programme, en t\u00e9l\u00e9chargement<\/a><\/p>\n<div id=\"attachment_1737\" style=\"width: 646px\" class=\"wp-caption alignnone\"><a href=\"http:\/\/www.lelag.fr\/site\/wp-content\/uploads\/2013\/12\/20140111-AnniversaireLAG.png\"><img loading=\"lazy\" decoding=\"async\" aria-describedby=\"caption-attachment-1737\" class=\"size-full wp-image-1737\" alt=\"Le LAG : un an d\u00e9j\u00e0 !\" src=\"http:\/\/www.lelag.fr\/site\/wp-content\/uploads\/2013\/12\/20140111-AnniversaireLAG.png\" width=\"636\" height=\"821\" srcset=\"https:\/\/www.lelag.fr\/site\/wp-content\/uploads\/2013\/12\/20140111-AnniversaireLAG.png 636w, https:\/\/www.lelag.fr\/site\/wp-content\/uploads\/2013\/12\/20140111-AnniversaireLAG-232x300.png 232w\" sizes=\"auto, (max-width: 636px) 100vw, 636px\" \/><\/a><p id=\"caption-attachment-1737\" class=\"wp-caption-text\">Le LAG : un an d\u00e9j\u00e0 !<\/p><\/div>\n","protected":false},"excerpt":{"rendered":"<p>Le LAG f\u00eate sa premi\u00e8re ann\u00e9e ! Et on compte sur vous pour f\u00eater \u00e7a avec nous ! Le programme, en t\u00e9l\u00e9chargement<\/p>\n","protected":false},"author":1,"featured_media":0,"comment_status":"closed","ping_status":"closed","sticky":false,"template":"","format":"standard","meta":{"footnotes":""},"categories":[3],"tags":[],"class_list":["post-1736","post","type-post","status-publish","format-standard","hentry","category-au-lag"],"_links":{"self":[{"href":"https:\/\/www.lelag.fr\/site\/wp-json\/wp\/v2\/posts\/1736","targetHints":{"allow":["GET"]}}],"collection":[{"href":"https:\/\/www.lelag.fr\/site\/wp-json\/wp\/v2\/posts"}],"about":[{"href":"https:\/\/www.lelag.fr\/site\/wp-json\/wp\/v2\/types\/post"}],"author":[{"embeddable":true,"href":"https:\/\/www.lelag.fr\/site\/wp-json\/wp\/v2\/users\/1"}],"replies":[{"embeddable":true,"href":"https:\/\/www.lelag.fr\/site\/wp-json\/wp\/v2\/comments?post=1736"}],"version-history":[{"count":2,"href":"https:\/\/www.lelag.fr\/site\/wp-json\/wp\/v2\/posts\/1736\/revisions"}],"predecessor-version":[{"id":1740,"href":"https:\/\/www.lelag.fr\/site\/wp-json\/wp\/v2\/posts\/1736\/revisions\/1740"}],"wp:attachment":[{"href":"https:\/\/www.lelag.fr\/site\/wp-json\/wp\/v2\/media?parent=1736"}],"wp:term":[{"taxonomy":"category","embeddable":true,"href":"https:\/\/www.lelag.fr\/site\/wp-json\/wp\/v2\/categories?post=1736"},{"taxonomy":"post_tag","embeddable":true,"href":"https:\/\/www.lelag.fr\/site\/wp-json\/wp\/v2\/tags?post=1736"}],"curies":[{"name":"wp","href":"https:\/\/api.w.org\/{rel}","templated":true}]}}