{"id":1578,"date":"2013-11-02T16:01:13","date_gmt":"2013-11-02T15:01:13","guid":{"rendered":"http:\/\/lag.bassinminier62.org\/site\/?p=1578"},"modified":"2014-01-18T13:31:13","modified_gmt":"2014-01-18T12:31:13","slug":"toto-biclo-en-concert","status":"publish","type":"post","link":"https:\/\/www.lelag.fr\/site\/toto-biclo-en-concert\/","title":{"rendered":"Toto Biclo en concert"},"content":{"rendered":"<p>C&rsquo;est au LAG, le samedi 30 novembre, \u00e0 21h00&#8230; <a title=\"Le prix libre\" href=\"http:\/\/lag.bassinminier62.org\/site\/le-lag\/fonctionnement-charte-du-lag\/le-prix-libre\/\">et c&rsquo;est toujours \u00e0 prix libre !<\/a><\/p>\n<p>Toto Biclo, c&rsquo;est du rock populaire et en col\u00e8re.<\/p>\n<p>\u00c0 consulter : <a title=\"Toto Biclo\" href=\"http:\/\/www.totobiclo.fr\/\">le site internet du groupe.<\/a><\/p>\n<p>La presse l&rsquo;a dit :<\/p>\n<pre>Toto Biclo c\u2019est du rock festif qui \u00e0 la PATATE comme ils disent ! \r\nVenez d\u00e9lirer avec ce groupe qui va vous donner des fourmis dans \r\nles pieds !\r\n\r\nLe groupe Toto Biclo se compose de cinq musiciens.\r\nUn petit air festif ? Un c\u00f4t\u00e9 rock ou chanson fran\u00e7aise engag\u00e9e ? \r\nToto Biclo, c'est avant tout un groupe de cinq copains musiciens \r\nqui partagent l'amour de la musique.\r\n\r\nChristophe, Antoine, Thomas, Fabrice et S\u00e9bastien, originaires du \r\nbassin minier et de l'Artois. Un petit air d'accord\u00e9on par-ci, un \r\npeu de guitare par-l\u00e0 et toujours le rythme entra\u00eenant. Plus ou \r\nmoins rock, plus ou moins festif.\r\n\r\n\u00ab On fait de la chanson populaire, parfois engag\u00e9e. Quoique, je ne \r\nsais pas si l'on peut vraiment dire \" engag\u00e9 \" puisqu'on ne soutient \r\naucune id\u00e9e, aucun groupe en particulier. Nous sommes plus dans la \r\nmouvance de l'indignation. \u00bb\r\n\r\n\u00ab G\u00e9n\u00e9ralement, on cr\u00e9e une chanson en r\u00e9action \u00e0 un fait d'actualit\u00e9 \r\nqui nous fait r\u00e9agir. Mais il n'y a pas que des textes revendicatifs, \r\nil y a aussi des tranches de vie, de l'\u00e9motion, de la tendresse, de \r\nl'amiti\u00e9... \u00bb\r\n\r\n<a href=\"http:\/\/lelag.fr\/site\/wp-content\/uploads\/2013\/11\/TotoBiclo-03.jpg\"><img loading=\"lazy\" decoding=\"async\" class=\"alignnone size-medium wp-image-1580\" alt=\"TotoBiclo-03\" src=\"http:\/\/lelag.fr\/site\/wp-content\/uploads\/2013\/11\/TotoBiclo-03-300x109.jpg\" width=\"300\" height=\"109\" srcset=\"https:\/\/www.lelag.fr\/site\/wp-content\/uploads\/2013\/11\/TotoBiclo-03-300x109.jpg 300w, https:\/\/www.lelag.fr\/site\/wp-content\/uploads\/2013\/11\/TotoBiclo-03.jpg 464w\" sizes=\"auto, (max-width: 300px) 100vw, 300px\" \/><\/a> <a href=\"http:\/\/lelag.fr\/site\/wp-content\/uploads\/2013\/11\/TotoBiclo-04.jpg\"><img loading=\"lazy\" decoding=\"async\" class=\"alignnone size-full wp-image-1581\" alt=\"TotoBiclo-04\" src=\"http:\/\/lelag.fr\/site\/wp-content\/uploads\/2013\/11\/TotoBiclo-04.jpg\" width=\"226\" height=\"150\" \/><\/a>\r\n <a href=\"http:\/\/lelag.fr\/site\/wp-content\/uploads\/2013\/11\/TotoBiclo-05.jpg\"><img loading=\"lazy\" decoding=\"async\" class=\"alignnone size-full wp-image-1582\" alt=\"TotoBiclo-05\" src=\"http:\/\/lelag.fr\/site\/wp-content\/uploads\/2013\/11\/TotoBiclo-05.jpg\" width=\"226\" height=\"231\" \/><\/a>\r\n <a href=\"http:\/\/lelag.fr\/site\/wp-content\/uploads\/2013\/11\/TotoBiclo-06.jpg\"><img loading=\"lazy\" decoding=\"async\" class=\"alignnone size-full wp-image-1583\" alt=\"TotoBiclo-06\" src=\"http:\/\/lelag.fr\/site\/wp-content\/uploads\/2013\/11\/TotoBiclo-06.jpg\" width=\"226\" height=\"238\" \/><\/a> <a href=\"http:\/\/lelag.fr\/site\/wp-content\/uploads\/2013\/11\/TotoBiclo-07.jpg\"><img loading=\"lazy\" decoding=\"async\" class=\"alignnone size-medium wp-image-1584\" alt=\"TotoBiclo-07\" src=\"http:\/\/lelag.fr\/site\/wp-content\/uploads\/2013\/11\/TotoBiclo-07-199x300.jpg\" width=\"199\" height=\"300\" srcset=\"https:\/\/www.lelag.fr\/site\/wp-content\/uploads\/2013\/11\/TotoBiclo-07-199x300.jpg 199w, https:\/\/www.lelag.fr\/site\/wp-content\/uploads\/2013\/11\/TotoBiclo-07.jpg 226w\" sizes=\"auto, (max-width: 199px) 100vw, 199px\" \/><\/a> <a href=\"http:\/\/lelag.fr\/site\/wp-content\/uploads\/2013\/11\/TotoBiclo-08.jpg\"><img loading=\"lazy\" decoding=\"async\" class=\"alignnone size-medium wp-image-1585\" alt=\"TotoBiclo-08\" src=\"http:\/\/lelag.fr\/site\/wp-content\/uploads\/2013\/11\/TotoBiclo-08-212x300.jpg\" width=\"212\" height=\"300\" srcset=\"https:\/\/www.lelag.fr\/site\/wp-content\/uploads\/2013\/11\/TotoBiclo-08-212x300.jpg 212w, https:\/\/www.lelag.fr\/site\/wp-content\/uploads\/2013\/11\/TotoBiclo-08.jpg 226w\" sizes=\"auto, (max-width: 212px) 100vw, 212px\" \/><\/a>\r\n\r\n<a href=\"http:\/\/lelag.fr\/site\/wp-content\/uploads\/2013\/11\/TotoBiclo-09.jpg\"><img loading=\"lazy\" decoding=\"async\" class=\"alignnone size-medium wp-image-1586\" alt=\"TotoBiclo-09\" src=\"http:\/\/lelag.fr\/site\/wp-content\/uploads\/2013\/11\/TotoBiclo-09-216x300.jpg\" width=\"216\" height=\"300\" srcset=\"https:\/\/www.lelag.fr\/site\/wp-content\/uploads\/2013\/11\/TotoBiclo-09-216x300.jpg 216w, https:\/\/www.lelag.fr\/site\/wp-content\/uploads\/2013\/11\/TotoBiclo-09.jpg 226w\" sizes=\"auto, (max-width: 216px) 100vw, 216px\" \/><\/a><\/pre>\n","protected":false},"excerpt":{"rendered":"<p>C&rsquo;est au LAG, le samedi 30 novembre, \u00e0 21h00&#8230; et c&rsquo;est toujours \u00e0 prix libre ! Toto Biclo, c&rsquo;est du rock populaire et en col\u00e8re. \u00c0 consulter : le site internet du groupe. La presse l&rsquo;a dit : Toto Biclo &hellip; <a href=\"https:\/\/www.lelag.fr\/site\/toto-biclo-en-concert\/\">Continuer la lecture <span class=\"meta-nav\">&rarr;<\/span><\/a><\/p>\n","protected":false},"author":1,"featured_media":0,"comment_status":"closed","ping_status":"closed","sticky":false,"template":"","format":"standard","meta":{"footnotes":""},"categories":[3],"tags":[],"class_list":["post-1578","post","type-post","status-publish","format-standard","hentry","category-au-lag"],"_links":{"self":[{"href":"https:\/\/www.lelag.fr\/site\/wp-json\/wp\/v2\/posts\/1578","targetHints":{"allow":["GET"]}}],"collection":[{"href":"https:\/\/www.lelag.fr\/site\/wp-json\/wp\/v2\/posts"}],"about":[{"href":"https:\/\/www.lelag.fr\/site\/wp-json\/wp\/v2\/types\/post"}],"author":[{"embeddable":true,"href":"https:\/\/www.lelag.fr\/site\/wp-json\/wp\/v2\/users\/1"}],"replies":[{"embeddable":true,"href":"https:\/\/www.lelag.fr\/site\/wp-json\/wp\/v2\/comments?post=1578"}],"version-history":[{"count":8,"href":"https:\/\/www.lelag.fr\/site\/wp-json\/wp\/v2\/posts\/1578\/revisions"}],"predecessor-version":[{"id":1612,"href":"https:\/\/www.lelag.fr\/site\/wp-json\/wp\/v2\/posts\/1578\/revisions\/1612"}],"wp:attachment":[{"href":"https:\/\/www.lelag.fr\/site\/wp-json\/wp\/v2\/media?parent=1578"}],"wp:term":[{"taxonomy":"category","embeddable":true,"href":"https:\/\/www.lelag.fr\/site\/wp-json\/wp\/v2\/categories?post=1578"},{"taxonomy":"post_tag","embeddable":true,"href":"https:\/\/www.lelag.fr\/site\/wp-json\/wp\/v2\/tags?post=1578"}],"curies":[{"name":"wp","href":"https:\/\/api.w.org\/{rel}","templated":true}]}}