{"id":1561,"date":"2013-10-28T18:47:21","date_gmt":"2013-10-28T17:47:21","guid":{"rendered":"http:\/\/lag.bassinminier62.org\/site\/?p=1561"},"modified":"2013-12-02T17:26:40","modified_gmt":"2013-12-02T16:26:40","slug":"braddock-america","status":"publish","type":"post","link":"https:\/\/www.lelag.fr\/site\/braddock-america\/","title":{"rendered":"Braddock America"},"content":{"rendered":"<p>Un documentaire de\u00a0 Jean-Lo\u00efc Portron et Gabriella Kessler (France, 2013, 103 min)<\/p>\n<p><strong>Programmation au LAG : samedi 7 d\u00e9cembre \u00e0 20h00.<\/strong><\/p>\n<p><strong>En pr\u00e9sence de la r\u00e9alisatrice, Gabriella Kessler.<br \/>\n<\/strong><\/p>\n<h2><strong>R\u00e9sum\u00e9<\/strong><\/h2>\n<style type=\"text\/css\"><!--\n@page { margin: 2cm } \t\tP { margin-bottom: 0.21cm }\n--><\/style>\n<p align=\"JUSTIFY\"><span style=\"font-family: Bitstream Vera Sans,sans-serif;\"><span style=\"font-size: large;\">Durant des ann\u00e9es, Braddock, en Pennsylvanie, a \u00e9t\u00e9 le centre n\u00e9vralgique de la production de l&rsquo;acier, aux \u00c9tats-Unis. Le grand patronat y a employ\u00e9 des milliers de travailleurs am\u00e9ricains, ainsi que des \u00e9migrants d&rsquo;Europe centrale&#8230; avant de tout abandonner d\u00e8s les ann\u00e9es 1970-1980, au moment de la d\u00e9sindustrialisation.<\/span><\/span><\/p>\n<p align=\"JUSTIFY\"><span style=\"font-family: Bitstream Vera Sans,sans-serif;\"><span style=\"font-size: large;\">Braddock a alors perdu 90% de sa population.<\/span><\/span><\/p>\n<p align=\"JUSTIFY\"><span style=\"font-family: Bitstream Vera Sans,sans-serif;\"><span style=\"font-size: large;\">Braddock est ainsi une ville naufrag\u00e9e o\u00f9 survivent quelques rescap\u00e9s teigneux. S\u2019ils trouvent encore la force de s\u2019accrocher \u00e0 ce lieu ingrat, c\u2019est qu\u2019ils ont conscience que cette infime parcelle du territoire am\u00e9ricain porte en elle, enfouie dans le sol et dans les m\u00e9moires, les traces d\u2019\u00e9v\u00e9nements essentiels qui font l\u2019histoire de leur nation.<\/span><\/span><\/p>\n<h2><\/h2>\n<h2><strong>Jean-Lo\u00efc Portron parle de son film<\/strong><\/h2>\n<pre>Les gens de Braddock sont tr\u00e8s complices du film.\r\nIl est tr\u00e8s important que leur histoire soit connue.\r\nIls souhaitent beaucoup la partager avec d'autres.\r\nMa venue au LAG s'inscrit dans cette optique : parler de la\r\nd\u00e9sindustrialisation de Braddock aux habitant-es du bassin minier\r\ndu Pas-de-Calais.<\/pre>\n<p>&nbsp;<\/p>\n<h2><strong>En t\u00e9l\u00e9chargement<\/strong><\/h2>\n<ul>\n<li><a href=\"http:\/\/lelag.fr\/site\/wp-content\/uploads\/2013\/10\/BraddockAmerica-A3.pdf\">L&rsquo;affiche de la soir\u00e9e<\/a><\/li>\n<\/ul>\n<p>&nbsp;<\/p>\n<h2><strong>Photos du film<\/strong><\/h2>\n<div id=\"attachment_1564\" style=\"width: 310px\" class=\"wp-caption alignleft\"><a href=\"http:\/\/lelag.fr\/site\/wp-content\/uploads\/2013\/10\/Braddock-01-512.jpg\"><img loading=\"lazy\" decoding=\"async\" aria-describedby=\"caption-attachment-1564\" class=\"size-medium wp-image-1564\" alt=\"Braddock America\" src=\"http:\/\/lelag.fr\/site\/wp-content\/uploads\/2013\/10\/Braddock-01-512-300x166.jpg\" width=\"300\" height=\"166\" srcset=\"https:\/\/www.lelag.fr\/site\/wp-content\/uploads\/2013\/10\/Braddock-01-512-300x166.jpg 300w, https:\/\/www.lelag.fr\/site\/wp-content\/uploads\/2013\/10\/Braddock-01-512.jpg 512w\" sizes=\"auto, (max-width: 300px) 100vw, 300px\" \/><\/a><p id=\"caption-attachment-1564\" class=\"wp-caption-text\">Braddock America<\/p><\/div>\n<div id=\"attachment_1565\" style=\"width: 310px\" class=\"wp-caption aligncenter\"><a href=\"http:\/\/lelag.fr\/site\/wp-content\/uploads\/2013\/10\/Braddock-03.jpg\"><img loading=\"lazy\" decoding=\"async\" aria-describedby=\"caption-attachment-1565\" class=\"size-medium wp-image-1565 \" alt=\"Braddock America\" src=\"http:\/\/lelag.fr\/site\/wp-content\/uploads\/2013\/10\/Braddock-03-300x221.jpg\" width=\"300\" height=\"221\" srcset=\"https:\/\/www.lelag.fr\/site\/wp-content\/uploads\/2013\/10\/Braddock-03-300x221.jpg 300w, https:\/\/www.lelag.fr\/site\/wp-content\/uploads\/2013\/10\/Braddock-03.jpg 316w\" sizes=\"auto, (max-width: 300px) 100vw, 300px\" \/><\/a><p id=\"caption-attachment-1565\" class=\"wp-caption-text\">Braddock America<\/p><\/div>\n<div id=\"attachment_1566\" style=\"width: 310px\" class=\"wp-caption alignright\"><a href=\"http:\/\/lelag.fr\/site\/wp-content\/uploads\/2013\/10\/Braddock-05.jpg\"><img loading=\"lazy\" decoding=\"async\" aria-describedby=\"caption-attachment-1566\" class=\"size-medium wp-image-1566 \" alt=\"Braddock America\" src=\"http:\/\/lelag.fr\/site\/wp-content\/uploads\/2013\/10\/Braddock-05-300x168.jpg\" width=\"300\" height=\"168\" srcset=\"https:\/\/www.lelag.fr\/site\/wp-content\/uploads\/2013\/10\/Braddock-05-300x168.jpg 300w, https:\/\/www.lelag.fr\/site\/wp-content\/uploads\/2013\/10\/Braddock-05.jpg 640w\" sizes=\"auto, (max-width: 300px) 100vw, 300px\" \/><\/a><p id=\"caption-attachment-1566\" class=\"wp-caption-text\">Braddock America<\/p><\/div>\n<div id=\"attachment_1567\" style=\"width: 310px\" class=\"wp-caption aligncenter\"><a href=\"http:\/\/lelag.fr\/site\/wp-content\/uploads\/2013\/10\/Braddock-06.jpg\"><img loading=\"lazy\" decoding=\"async\" aria-describedby=\"caption-attachment-1567\" class=\"size-medium wp-image-1567 \" alt=\"Braddock America\" src=\"http:\/\/lelag.fr\/site\/wp-content\/uploads\/2013\/10\/Braddock-06-300x168.jpg\" width=\"300\" height=\"168\" srcset=\"https:\/\/www.lelag.fr\/site\/wp-content\/uploads\/2013\/10\/Braddock-06-300x168.jpg 300w, https:\/\/www.lelag.fr\/site\/wp-content\/uploads\/2013\/10\/Braddock-06-1024x576.jpg 1024w, https:\/\/www.lelag.fr\/site\/wp-content\/uploads\/2013\/10\/Braddock-06.jpg 1280w\" sizes=\"auto, (max-width: 300px) 100vw, 300px\" \/><\/a><p id=\"caption-attachment-1567\" class=\"wp-caption-text\">Braddock America<\/p><\/div>\n<p>&nbsp;<\/p>\n<div id=\"attachment_1568\" style=\"width: 310px\" class=\"wp-caption alignleft\"><a href=\"http:\/\/lelag.fr\/site\/wp-content\/uploads\/2013\/10\/Braddock-07.jpg\"><img loading=\"lazy\" decoding=\"async\" aria-describedby=\"caption-attachment-1568\" class=\"size-medium wp-image-1568 \" alt=\"Braddock America\" src=\"http:\/\/lelag.fr\/site\/wp-content\/uploads\/2013\/10\/Braddock-07-300x168.jpg\" width=\"300\" height=\"168\" srcset=\"https:\/\/www.lelag.fr\/site\/wp-content\/uploads\/2013\/10\/Braddock-07-300x168.jpg 300w, https:\/\/www.lelag.fr\/site\/wp-content\/uploads\/2013\/10\/Braddock-07-1024x576.jpg 1024w, https:\/\/www.lelag.fr\/site\/wp-content\/uploads\/2013\/10\/Braddock-07.jpg 1280w\" sizes=\"auto, (max-width: 300px) 100vw, 300px\" \/><\/a><p id=\"caption-attachment-1568\" class=\"wp-caption-text\">Braddock America<\/p><\/div>\n<div id=\"attachment_1569\" style=\"width: 310px\" class=\"wp-caption aligncenter\"><a href=\"http:\/\/lelag.fr\/site\/wp-content\/uploads\/2013\/10\/Braddock-08.jpg\"><img loading=\"lazy\" decoding=\"async\" aria-describedby=\"caption-attachment-1569\" class=\"size-medium wp-image-1569 \" alt=\"Braddock America\" src=\"http:\/\/lelag.fr\/site\/wp-content\/uploads\/2013\/10\/Braddock-08-300x218.jpg\" width=\"300\" height=\"218\" srcset=\"https:\/\/www.lelag.fr\/site\/wp-content\/uploads\/2013\/10\/Braddock-08-300x218.jpg 300w, https:\/\/www.lelag.fr\/site\/wp-content\/uploads\/2013\/10\/Braddock-08.jpg 956w\" sizes=\"auto, (max-width: 300px) 100vw, 300px\" \/><\/a><p id=\"caption-attachment-1569\" class=\"wp-caption-text\">Braddock America<\/p><\/div>\n<div id=\"attachment_1570\" style=\"width: 310px\" class=\"wp-caption alignright\"><a href=\"http:\/\/lelag.fr\/site\/wp-content\/uploads\/2013\/10\/Braddock-09.jpg\"><img loading=\"lazy\" decoding=\"async\" aria-describedby=\"caption-attachment-1570\" class=\"size-medium wp-image-1570 \" alt=\"Braddock America\" src=\"http:\/\/lelag.fr\/site\/wp-content\/uploads\/2013\/10\/Braddock-09-300x218.jpg\" width=\"300\" height=\"218\" srcset=\"https:\/\/www.lelag.fr\/site\/wp-content\/uploads\/2013\/10\/Braddock-09-300x218.jpg 300w, https:\/\/www.lelag.fr\/site\/wp-content\/uploads\/2013\/10\/Braddock-09.jpg 972w\" sizes=\"auto, (max-width: 300px) 100vw, 300px\" \/><\/a><p id=\"caption-attachment-1570\" class=\"wp-caption-text\">Braddock America<\/p><\/div>\n<p>&nbsp;<\/p>\n<p>&nbsp;<\/p>\n","protected":false},"excerpt":{"rendered":"<p>Un documentaire de\u00a0 Jean-Lo\u00efc Portron et Gabriella Kessler (France, 2013, 103 min) Programmation au LAG : samedi 7 d\u00e9cembre \u00e0 20h00. En pr\u00e9sence de la r\u00e9alisatrice, Gabriella Kessler. R\u00e9sum\u00e9 Durant des ann\u00e9es, Braddock, en Pennsylvanie, a \u00e9t\u00e9 le centre n\u00e9vralgique &hellip; <a href=\"https:\/\/www.lelag.fr\/site\/braddock-america\/\">Continuer la lecture <span class=\"meta-nav\">&rarr;<\/span><\/a><\/p>\n","protected":false},"author":1,"featured_media":0,"comment_status":"closed","ping_status":"closed","sticky":false,"template":"","format":"standard","meta":{"footnotes":""},"categories":[3],"tags":[],"class_list":["post-1561","post","type-post","status-publish","format-standard","hentry","category-au-lag"],"_links":{"self":[{"href":"https:\/\/www.lelag.fr\/site\/wp-json\/wp\/v2\/posts\/1561","targetHints":{"allow":["GET"]}}],"collection":[{"href":"https:\/\/www.lelag.fr\/site\/wp-json\/wp\/v2\/posts"}],"about":[{"href":"https:\/\/www.lelag.fr\/site\/wp-json\/wp\/v2\/types\/post"}],"author":[{"embeddable":true,"href":"https:\/\/www.lelag.fr\/site\/wp-json\/wp\/v2\/users\/1"}],"replies":[{"embeddable":true,"href":"https:\/\/www.lelag.fr\/site\/wp-json\/wp\/v2\/comments?post=1561"}],"version-history":[{"count":9,"href":"https:\/\/www.lelag.fr\/site\/wp-json\/wp\/v2\/posts\/1561\/revisions"}],"predecessor-version":[{"id":1672,"href":"https:\/\/www.lelag.fr\/site\/wp-json\/wp\/v2\/posts\/1561\/revisions\/1672"}],"wp:attachment":[{"href":"https:\/\/www.lelag.fr\/site\/wp-json\/wp\/v2\/media?parent=1561"}],"wp:term":[{"taxonomy":"category","embeddable":true,"href":"https:\/\/www.lelag.fr\/site\/wp-json\/wp\/v2\/categories?post=1561"},{"taxonomy":"post_tag","embeddable":true,"href":"https:\/\/www.lelag.fr\/site\/wp-json\/wp\/v2\/tags?post=1561"}],"curies":[{"name":"wp","href":"https:\/\/api.w.org\/{rel}","templated":true}]}}