{"id":1360,"date":"2013-06-05T21:04:58","date_gmt":"2013-06-05T19:04:58","guid":{"rendered":"http:\/\/lag.bassinminier62.org\/site\/?p=1360"},"modified":"2014-01-18T13:32:02","modified_gmt":"2014-01-18T12:32:02","slug":"rencontre-avec-des-travailleurs-travailleuses-dentreprises-de-la-region-avec-des-syndicats","status":"publish","type":"post","link":"https:\/\/www.lelag.fr\/site\/rencontre-avec-des-travailleurs-travailleuses-dentreprises-de-la-region-avec-des-syndicats\/","title":{"rendered":"Rencontre avec des travailleurs-travailleuses d\u2019entreprises de la r\u00e9gion, avec des syndicats, \u2026"},"content":{"rendered":"<p>\u00c0 l&rsquo;occasion de l<a title=\"Rencontre avec un groupe de gr\u00e9vistes de l\u2019usine de PSA Aulnay\" href=\"http:\/\/lag.bassinminier62.org\/site\/rencontre-avec-un-groupe-de-grevistes-de-lusine-de-psa-aulnay\/\">a venue de gr\u00e9vistes de PSA Aulnay, le 15 juin 2015<\/a>, plusieurs travailleurs-travailleuses, syndiqu\u00e9-es et non syndiqu\u00e9-es et plusieurs syndicats ont annonc\u00e9 leur participation. On peut notamment citer :<\/p>\n<ul>\n<li>Arc International (7000 emplois perdus en 12 ans)<\/li>\n<li>Fraisnor (Liquidation judiciaire en mai 2013 &#8211; 110 salari\u00e9-es licenci\u00e9-es)<\/li>\n<li>Faur\u00e9cia Auchel et Marles les Mines (sous-traitant de PSA)<\/li>\n<li>Fran\u00e7aise de M\u00e9canique (2003 : 5500 salari\u00e9-es &#8211; 2013 : 3200 salari\u00e9-es &#8211; plan pour 2016 : 1800 salari\u00e9-es, soit 1400 emplois en moins)<\/li>\n<li>ULs CGT du Bassin minier<\/li>\n<li>CNT : <a title=\"voir l'annonce de la venue des gr\u00e9vistes de PSA Aulnay sur le site de la CNT 59\/62\" href=\"http:\/\/www.cnt-f.org\/59-62\/2013\/05\/rencontre-avec-un-groupe-de-grevistes-de-lusine-de-psa-aulnay-le-15-juin-a-lievin\/\">voir l&rsquo;annonce de la venue des gr\u00e9vistes de PSA Aulnay sur le site de la CNT 59\/62<\/a><\/li>\n<li>SUD<\/li>\n<\/ul>\n<p>Quelques photos de notre visite fraternelle aux travailleuses et travailleurs qui occupent l&rsquo;usine Fraisnor, \u00e0 Feuchy pr\u00e8s d&rsquo;Arras, ainsi que de quelques distributions de tracts, \u00e0 la porte des entreprises.<\/p>\n<div id=\"attachment_1363\" style=\"width: 310px\" class=\"wp-caption aligncenter\"><a href=\"http:\/\/lag.bassinminier62.org\/site\/wp-content\/uploads\/2013\/06\/20130605-FraisnorUsineOccupee-002.jpg\"><img loading=\"lazy\" decoding=\"async\" aria-describedby=\"caption-attachment-1363\" class=\"size-medium wp-image-1363\" alt=\"Fraisnor usine occup\u00e9e - juin 2013\" src=\"http:\/\/lag.bassinminier62.org\/site\/wp-content\/uploads\/2013\/06\/20130605-FraisnorUsineOccupee-002-300x225.jpg\" width=\"300\" height=\"225\" srcset=\"https:\/\/www.lelag.fr\/site\/wp-content\/uploads\/2013\/06\/20130605-FraisnorUsineOccupee-002-300x225.jpg 300w, https:\/\/www.lelag.fr\/site\/wp-content\/uploads\/2013\/06\/20130605-FraisnorUsineOccupee-002.jpg 640w\" sizes=\"auto, (max-width: 300px) 100vw, 300px\" \/><\/a><p id=\"caption-attachment-1363\" class=\"wp-caption-text\">Fraisnor usine occup\u00e9e &#8211; juin 2013<\/p><\/div>\n<div id=\"attachment_1364\" style=\"width: 310px\" class=\"wp-caption aligncenter\"><a href=\"http:\/\/lag.bassinminier62.org\/site\/wp-content\/uploads\/2013\/06\/20130605-FraisnorUsineOccupee-008.jpg\"><img loading=\"lazy\" decoding=\"async\" aria-describedby=\"caption-attachment-1364\" class=\"size-medium wp-image-1364\" alt=\"Fraisnor usine occup\u00e9e - juin 2013\" src=\"http:\/\/lag.bassinminier62.org\/site\/wp-content\/uploads\/2013\/06\/20130605-FraisnorUsineOccupee-008-300x225.jpg\" width=\"300\" height=\"225\" srcset=\"https:\/\/www.lelag.fr\/site\/wp-content\/uploads\/2013\/06\/20130605-FraisnorUsineOccupee-008-300x225.jpg 300w, https:\/\/www.lelag.fr\/site\/wp-content\/uploads\/2013\/06\/20130605-FraisnorUsineOccupee-008.jpg 640w\" sizes=\"auto, (max-width: 300px) 100vw, 300px\" \/><\/a><p id=\"caption-attachment-1364\" class=\"wp-caption-text\">Fraisnor usine occup\u00e9e &#8211; juin 2013<\/p><\/div>\n<p>&nbsp;<\/p>\n<div id=\"attachment_1365\" style=\"width: 310px\" class=\"wp-caption aligncenter\"><a href=\"http:\/\/lag.bassinminier62.org\/site\/wp-content\/uploads\/2013\/06\/20130605-FraisnorUsineOccupee-009.jpg\"><img loading=\"lazy\" decoding=\"async\" aria-describedby=\"caption-attachment-1365\" class=\"size-medium wp-image-1365\" alt=\"Fraisnor usine occup\u00e9e - juin 2013\" src=\"http:\/\/lag.bassinminier62.org\/site\/wp-content\/uploads\/2013\/06\/20130605-FraisnorUsineOccupee-009-300x225.jpg\" width=\"300\" height=\"225\" srcset=\"https:\/\/www.lelag.fr\/site\/wp-content\/uploads\/2013\/06\/20130605-FraisnorUsineOccupee-009-300x225.jpg 300w, https:\/\/www.lelag.fr\/site\/wp-content\/uploads\/2013\/06\/20130605-FraisnorUsineOccupee-009.jpg 640w\" sizes=\"auto, (max-width: 300px) 100vw, 300px\" \/><\/a><p id=\"caption-attachment-1365\" class=\"wp-caption-text\">Fraisnor usine occup\u00e9e &#8211; juin 2013<\/p><\/div>\n<p>&nbsp;<\/p>\n<div id=\"attachment_1373\" style=\"width: 310px\" class=\"wp-caption aligncenter\"><a href=\"http:\/\/lag.bassinminier62.org\/site\/wp-content\/uploads\/2013\/06\/20130606-DistributionTractsDurisotti-002.jpg\"><img loading=\"lazy\" decoding=\"async\" aria-describedby=\"caption-attachment-1373\" class=\"size-medium wp-image-1373\" alt=\"Durisotti - juin 2013\" src=\"http:\/\/lag.bassinminier62.org\/site\/wp-content\/uploads\/2013\/06\/20130606-DistributionTractsDurisotti-002-300x225.jpg\" width=\"300\" height=\"225\" srcset=\"https:\/\/www.lelag.fr\/site\/wp-content\/uploads\/2013\/06\/20130606-DistributionTractsDurisotti-002-300x225.jpg 300w, https:\/\/www.lelag.fr\/site\/wp-content\/uploads\/2013\/06\/20130606-DistributionTractsDurisotti-002.jpg 640w\" sizes=\"auto, (max-width: 300px) 100vw, 300px\" \/><\/a><p id=\"caption-attachment-1373\" class=\"wp-caption-text\">Durisotti &#8211; juin 2013<\/p><\/div>\n<p>&nbsp;<\/p>\n<div id=\"attachment_1374\" style=\"width: 310px\" class=\"wp-caption aligncenter\"><a href=\"http:\/\/lag.bassinminier62.org\/site\/wp-content\/uploads\/2013\/06\/20130606-DistributionTractsDurisotti-003.jpg\"><img loading=\"lazy\" decoding=\"async\" aria-describedby=\"caption-attachment-1374\" class=\"size-medium wp-image-1374\" alt=\"Durisotti - juin 2013\" src=\"http:\/\/lag.bassinminier62.org\/site\/wp-content\/uploads\/2013\/06\/20130606-DistributionTractsDurisotti-003-300x225.jpg\" width=\"300\" height=\"225\" srcset=\"https:\/\/www.lelag.fr\/site\/wp-content\/uploads\/2013\/06\/20130606-DistributionTractsDurisotti-003-300x225.jpg 300w, https:\/\/www.lelag.fr\/site\/wp-content\/uploads\/2013\/06\/20130606-DistributionTractsDurisotti-003.jpg 640w\" sizes=\"auto, (max-width: 300px) 100vw, 300px\" \/><\/a><p id=\"caption-attachment-1374\" class=\"wp-caption-text\">Durisotti &#8211; juin 2013<\/p><\/div>\n<p>&nbsp;<\/p>\n<div id=\"attachment_1375\" style=\"width: 310px\" class=\"wp-caption aligncenter\"><a href=\"http:\/\/lag.bassinminier62.org\/site\/wp-content\/uploads\/2013\/06\/20130607-DistributionTractsFaurecia-003.jpg\"><img loading=\"lazy\" decoding=\"async\" aria-describedby=\"caption-attachment-1375\" class=\"size-medium wp-image-1375\" alt=\"Faur\u00e9cia - juin 2013\" src=\"http:\/\/lag.bassinminier62.org\/site\/wp-content\/uploads\/2013\/06\/20130607-DistributionTractsFaurecia-003-300x225.jpg\" width=\"300\" height=\"225\" srcset=\"https:\/\/www.lelag.fr\/site\/wp-content\/uploads\/2013\/06\/20130607-DistributionTractsFaurecia-003-300x225.jpg 300w, https:\/\/www.lelag.fr\/site\/wp-content\/uploads\/2013\/06\/20130607-DistributionTractsFaurecia-003.jpg 640w\" sizes=\"auto, (max-width: 300px) 100vw, 300px\" \/><\/a><p id=\"caption-attachment-1375\" class=\"wp-caption-text\">Faur\u00e9cia &#8211; juin 2013<\/p><\/div>\n<p>&nbsp;<\/p>\n<div id=\"attachment_1376\" style=\"width: 310px\" class=\"wp-caption aligncenter\"><a href=\"http:\/\/lag.bassinminier62.org\/site\/wp-content\/uploads\/2013\/06\/20130607-DistributionTractsFaurecia-004.jpg\"><img loading=\"lazy\" decoding=\"async\" aria-describedby=\"caption-attachment-1376\" class=\"size-medium wp-image-1376\" alt=\"Faur\u00e9cia - juin 2013\" src=\"http:\/\/lag.bassinminier62.org\/site\/wp-content\/uploads\/2013\/06\/20130607-DistributionTractsFaurecia-004-300x225.jpg\" width=\"300\" height=\"225\" srcset=\"https:\/\/www.lelag.fr\/site\/wp-content\/uploads\/2013\/06\/20130607-DistributionTractsFaurecia-004-300x225.jpg 300w, https:\/\/www.lelag.fr\/site\/wp-content\/uploads\/2013\/06\/20130607-DistributionTractsFaurecia-004.jpg 640w\" sizes=\"auto, (max-width: 300px) 100vw, 300px\" \/><\/a><p id=\"caption-attachment-1376\" class=\"wp-caption-text\">Faur\u00e9cia &#8211; juin 2013<\/p><\/div>\n<div id=\"attachment_1380\" style=\"width: 310px\" class=\"wp-caption aligncenter\"><a href=\"http:\/\/lag.bassinminier62.org\/site\/wp-content\/uploads\/2013\/06\/20130613-DistributionTractsFrancaiseMecanique-002.jpg\"><img loading=\"lazy\" decoding=\"async\" aria-describedby=\"caption-attachment-1380\" class=\"size-medium wp-image-1380\" alt=\"Fran\u00e7aise de m\u00e9canique juin 2013\" src=\"http:\/\/lag.bassinminier62.org\/site\/wp-content\/uploads\/2013\/06\/20130613-DistributionTractsFrancaiseMecanique-002-300x225.jpg\" width=\"300\" height=\"225\" srcset=\"https:\/\/www.lelag.fr\/site\/wp-content\/uploads\/2013\/06\/20130613-DistributionTractsFrancaiseMecanique-002-300x225.jpg 300w, https:\/\/www.lelag.fr\/site\/wp-content\/uploads\/2013\/06\/20130613-DistributionTractsFrancaiseMecanique-002.jpg 640w\" sizes=\"auto, (max-width: 300px) 100vw, 300px\" \/><\/a><p id=\"caption-attachment-1380\" class=\"wp-caption-text\">Fran\u00e7aise de m\u00e9canique juin 2013<\/p><\/div>\n<p>&nbsp;<\/p>\n<div id=\"attachment_1381\" style=\"width: 310px\" class=\"wp-caption aligncenter\"><a href=\"http:\/\/lag.bassinminier62.org\/site\/wp-content\/uploads\/2013\/06\/20130613-DistributionTractsFrancaiseMecanique-004.jpg\"><img loading=\"lazy\" decoding=\"async\" aria-describedby=\"caption-attachment-1381\" class=\"size-medium wp-image-1381\" alt=\"Fran\u00e7aise de m\u00e9canique juin 2013\" src=\"http:\/\/lag.bassinminier62.org\/site\/wp-content\/uploads\/2013\/06\/20130613-DistributionTractsFrancaiseMecanique-004-300x225.jpg\" width=\"300\" height=\"225\" srcset=\"https:\/\/www.lelag.fr\/site\/wp-content\/uploads\/2013\/06\/20130613-DistributionTractsFrancaiseMecanique-004-300x225.jpg 300w, https:\/\/www.lelag.fr\/site\/wp-content\/uploads\/2013\/06\/20130613-DistributionTractsFrancaiseMecanique-004.jpg 640w\" sizes=\"auto, (max-width: 300px) 100vw, 300px\" \/><\/a><p id=\"caption-attachment-1381\" class=\"wp-caption-text\">Fran\u00e7aise de m\u00e9canique juin 2013<\/p><\/div>\n<p>&nbsp;<\/p>\n<p>&nbsp;<\/p>\n<p>&nbsp;<\/p>\n<p>&nbsp;<\/p>\n<p>&nbsp;<\/p>\n","protected":false},"excerpt":{"rendered":"<p>\u00c0 l&rsquo;occasion de la venue de gr\u00e9vistes de PSA Aulnay, le 15 juin 2015, plusieurs travailleurs-travailleuses, syndiqu\u00e9-es et non syndiqu\u00e9-es et plusieurs syndicats ont annonc\u00e9 leur participation. On peut notamment citer : Arc International (7000 emplois perdus en 12 ans) &hellip; <a href=\"https:\/\/www.lelag.fr\/site\/rencontre-avec-des-travailleurs-travailleuses-dentreprises-de-la-region-avec-des-syndicats\/\">Continuer la lecture <span class=\"meta-nav\">&rarr;<\/span><\/a><\/p>\n","protected":false},"author":1,"featured_media":0,"comment_status":"closed","ping_status":"closed","sticky":false,"template":"","format":"standard","meta":{"footnotes":""},"categories":[1],"tags":[],"class_list":["post-1360","post","type-post","status-publish","format-standard","hentry","category-non-classe"],"_links":{"self":[{"href":"https:\/\/www.lelag.fr\/site\/wp-json\/wp\/v2\/posts\/1360","targetHints":{"allow":["GET"]}}],"collection":[{"href":"https:\/\/www.lelag.fr\/site\/wp-json\/wp\/v2\/posts"}],"about":[{"href":"https:\/\/www.lelag.fr\/site\/wp-json\/wp\/v2\/types\/post"}],"author":[{"embeddable":true,"href":"https:\/\/www.lelag.fr\/site\/wp-json\/wp\/v2\/users\/1"}],"replies":[{"embeddable":true,"href":"https:\/\/www.lelag.fr\/site\/wp-json\/wp\/v2\/comments?post=1360"}],"version-history":[{"count":8,"href":"https:\/\/www.lelag.fr\/site\/wp-json\/wp\/v2\/posts\/1360\/revisions"}],"predecessor-version":[{"id":1543,"href":"https:\/\/www.lelag.fr\/site\/wp-json\/wp\/v2\/posts\/1360\/revisions\/1543"}],"wp:attachment":[{"href":"https:\/\/www.lelag.fr\/site\/wp-json\/wp\/v2\/media?parent=1360"}],"wp:term":[{"taxonomy":"category","embeddable":true,"href":"https:\/\/www.lelag.fr\/site\/wp-json\/wp\/v2\/categories?post=1360"},{"taxonomy":"post_tag","embeddable":true,"href":"https:\/\/www.lelag.fr\/site\/wp-json\/wp\/v2\/tags?post=1360"}],"curies":[{"name":"wp","href":"https:\/\/api.w.org\/{rel}","templated":true}]}}