{"id":1346,"date":"2013-05-25T19:09:43","date_gmt":"2013-05-25T17:09:43","guid":{"rendered":"http:\/\/lag.bassinminier62.org\/site\/?p=1346"},"modified":"2014-01-18T13:30:45","modified_gmt":"2014-01-18T12:30:45","slug":"rencontre-avec-un-groupe-de-grevistes-de-lusine-de-psa-aulnay","status":"publish","type":"post","link":"https:\/\/www.lelag.fr\/site\/rencontre-avec-un-groupe-de-grevistes-de-lusine-de-psa-aulnay\/","title":{"rendered":"Rencontre avec un groupe de gr\u00e9vistes de l&rsquo;usine de PSA Aulnay"},"content":{"rendered":"<div id=\"attachment_1347\" style=\"width: 310px\" class=\"wp-caption aligncenter\"><a href=\"http:\/\/lag.bassinminier62.org\/site\/wp-content\/uploads\/2013\/05\/psa-assassin.jpg\"><img loading=\"lazy\" decoding=\"async\" aria-describedby=\"caption-attachment-1347\" class=\"size-medium wp-image-1347\" alt=\"PSA Assassin\" src=\"http:\/\/lag.bassinminier62.org\/site\/wp-content\/uploads\/2013\/05\/psa-assassin-300x199.jpg\" width=\"300\" height=\"199\" srcset=\"https:\/\/www.lelag.fr\/site\/wp-content\/uploads\/2013\/05\/psa-assassin-300x199.jpg 300w, https:\/\/www.lelag.fr\/site\/wp-content\/uploads\/2013\/05\/psa-assassin.jpg 539w\" sizes=\"auto, (max-width: 300px) 100vw, 300px\" \/><\/a><p id=\"caption-attachment-1347\" class=\"wp-caption-text\">PSA Assassin<\/p><\/div>\n<style type=\"text\/css\"><!--\np { margin-bottom: 0.21cm; }\n--><\/style>\n<p align=\"CENTER\"><span style=\"font-family: Nimbus Sans L,sans-serif;\"><span style=\"font-size: large;\">PSA Aulnay\u00a0: 4 mois de gr\u00e8ve, une reprise n\u00e9goci\u00e9e du travail\u00a0:<\/span><\/span><\/p>\n<p align=\"CENTER\"><span style=\"font-family: Nimbus Sans L,sans-serif;\"><span style=\"font-size: large;\">Quels enseignements pour les luttes sociales\u00a0?<\/span><\/span><\/p>\n<p align=\"CENTER\"><span style=\"font-size: 300%;\">Rencontre avec un groupe de gr\u00e9vistes de l&rsquo;usine de PSA Aulnay<\/span><\/p>\n<p align=\"CENTER\"><span style=\"font-size: x-large;\">Samedi 15 juin \u00e0 17h00<\/span><\/p>\n<p>&nbsp;<\/p>\n<p>Apr\u00e8s 4 mois de gr\u00e8ve contre un plan social qui pr\u00e9voit 8000 licenciements, la direction de PSA et le syndicat CGT ont sign\u00e9 un accord qui pr\u00e9voit la reprise du travail.<\/p>\n<p>La gr\u00e8ve des ouvri\u00e8res et ouvriers de l&rsquo;usine PSA d&rsquo;Aulnay, ainsi que l&rsquo;arr\u00eat de cette gr\u00e8ve nous permettent d&rsquo;aborder un grand nombre de questions\u00a0:<\/p>\n<ul>\n<li>Une lutte locale, ou une lutte qui concerne l&rsquo;ensemble du monde du travail\u00a0?<\/li>\n<li>Et la lutte de classes\u00a0? Derri\u00e8re l&rsquo;offensive de la direction de PSA Aulnay, la contre r\u00e9volution capitaliste\u00a0?<\/li>\n<li>Lutter pour conserver sa dignit\u00e9, lutter pour manger et nourrir sa famille\u00a0: quelles articulations avec la lutte des classes, avec l&rsquo;abolition du salariat\u00a0?<\/li>\n<li>Lutter dans une entreprise qui produit des voitures\u00a0: lutter en maintenant un discours productiviste\u00a0? Ou lutter pour \u2026\u00a0?<\/li>\n<li>Lutter pour quelle soci\u00e9t\u00e9, quels rapports de production, quels modes de production\u00a0?<\/li>\n<li>La men\u00e9e des luttes\u00a0: quelle place pour les syndicats et les partis\u00a0? Et la men\u00e9e directe des luttes par les ouvri\u00e8res et les ouvriers\u00a0?<\/li>\n<li>Convergence des luttes\u00a0: dans le concret, \u00e7a donne quoi\u00a0? Et pour les entreprises, priv\u00e9es, publiques, en lutte ou non, du Pas-de-Calais\u00a0? Populariser les luttes\u00a0? \u00c9tendre les luttes\u00a0?<\/li>\n<li>L&rsquo;arr\u00eat de la gr\u00e8ve, et la poursuite du mouvement sous d&rsquo;autres formes\u00a0: une capitulation\u00a0? Une d\u00e9faite\u00a0?<\/li>\n<\/ul>\n<p>&nbsp;<\/p>\n<p align=\"LEFT\"><span style=\"font-size: x-large;\">D\u00e9roulement, \u00e0 partir de 17h00<\/span><\/p>\n<ul>\n<li>Projections vid\u00e9o<\/li>\n<li>Rencontre avec des gr\u00e9vistes de PSA Aulnay<\/li>\n<li><a title=\"Rencontre avec des travailleurs-travailleuses d\u2019entreprises de la r\u00e9gion, avec des syndicats, \u2026\" href=\"http:\/\/lag.bassinminier62.org\/site\/rencontre-avec-des-travailleurs-travailleuses-dentreprises-de-la-region-avec-des-syndicats\/\">Rencontre avec des travailleurs-travailleuses d\u2019entreprises de la r\u00e9gion, avec des syndicats, \u2026<\/a><\/li>\n<li>Prises de paroles<\/li>\n<li>D\u00e9bats, \u00e9changes<\/li>\n<li>Discussions autour des luttes sociales actuelles<\/li>\n<li>Repas fraternel<\/li>\n<li>\u2026<\/li>\n<\/ul>\n<p>Cette initiative s&rsquo;inscrit dans le cadre de la Foire \u00e0 l&rsquo;autogestion, \u00e0 laquelle le LAG participe, les 8 et 9 juin \u00e0 Montreuil.<\/p>\n<p>En t\u00e9l\u00e9chargement :<\/p>\n<ul>\n<li><a href=\"http:\/\/lag.bassinminier62.org\/site\/wp-content\/uploads\/2013\/05\/20130615-TractAnnonceAccueilGrevistes.pdf\">Le tract d&rsquo;annonce de l&rsquo;initiative du 15 juin 2013<\/a><\/li>\n<li><a href=\"http:\/\/lag.bassinminier62.org\/site\/wp-content\/uploads\/2013\/05\/20130615-AfficheA3-PSAAulnay.pdf\">L&rsquo;affiche de pr\u00e9sentation<\/a><\/li>\n<\/ul>\n<p>&nbsp;<\/p>\n<div id=\"attachment_1353\" style=\"width: 310px\" class=\"wp-caption aligncenter\"><a href=\"http:\/\/lag.bassinminier62.org\/site\/wp-content\/uploads\/2013\/05\/PSA-manifestation.jpg\"><img loading=\"lazy\" decoding=\"async\" aria-describedby=\"caption-attachment-1353\" class=\"size-medium wp-image-1353\" alt=\"PSA manifestation\" src=\"http:\/\/lag.bassinminier62.org\/site\/wp-content\/uploads\/2013\/05\/PSA-manifestation-300x192.jpg\" width=\"300\" height=\"192\" srcset=\"https:\/\/www.lelag.fr\/site\/wp-content\/uploads\/2013\/05\/PSA-manifestation-300x192.jpg 300w, https:\/\/www.lelag.fr\/site\/wp-content\/uploads\/2013\/05\/PSA-manifestation.jpg 520w\" sizes=\"auto, (max-width: 300px) 100vw, 300px\" \/><\/a><p id=\"caption-attachment-1353\" class=\"wp-caption-text\">PSA manifestation<\/p><\/div>\n","protected":false},"excerpt":{"rendered":"<p>PSA Aulnay\u00a0: 4 mois de gr\u00e8ve, une reprise n\u00e9goci\u00e9e du travail\u00a0: Quels enseignements pour les luttes sociales\u00a0? Rencontre avec un groupe de gr\u00e9vistes de l&rsquo;usine de PSA Aulnay Samedi 15 juin \u00e0 17h00 &nbsp; Apr\u00e8s 4 mois de gr\u00e8ve contre &hellip; <a href=\"https:\/\/www.lelag.fr\/site\/rencontre-avec-un-groupe-de-grevistes-de-lusine-de-psa-aulnay\/\">Continuer la lecture <span class=\"meta-nav\">&rarr;<\/span><\/a><\/p>\n","protected":false},"author":1,"featured_media":0,"comment_status":"closed","ping_status":"closed","sticky":false,"template":"","format":"standard","meta":{"footnotes":""},"categories":[3],"tags":[],"class_list":["post-1346","post","type-post","status-publish","format-standard","hentry","category-au-lag"],"_links":{"self":[{"href":"https:\/\/www.lelag.fr\/site\/wp-json\/wp\/v2\/posts\/1346","targetHints":{"allow":["GET"]}}],"collection":[{"href":"https:\/\/www.lelag.fr\/site\/wp-json\/wp\/v2\/posts"}],"about":[{"href":"https:\/\/www.lelag.fr\/site\/wp-json\/wp\/v2\/types\/post"}],"author":[{"embeddable":true,"href":"https:\/\/www.lelag.fr\/site\/wp-json\/wp\/v2\/users\/1"}],"replies":[{"embeddable":true,"href":"https:\/\/www.lelag.fr\/site\/wp-json\/wp\/v2\/comments?post=1346"}],"version-history":[{"count":6,"href":"https:\/\/www.lelag.fr\/site\/wp-json\/wp\/v2\/posts\/1346\/revisions"}],"predecessor-version":[{"id":1866,"href":"https:\/\/www.lelag.fr\/site\/wp-json\/wp\/v2\/posts\/1346\/revisions\/1866"}],"wp:attachment":[{"href":"https:\/\/www.lelag.fr\/site\/wp-json\/wp\/v2\/media?parent=1346"}],"wp:term":[{"taxonomy":"category","embeddable":true,"href":"https:\/\/www.lelag.fr\/site\/wp-json\/wp\/v2\/categories?post=1346"},{"taxonomy":"post_tag","embeddable":true,"href":"https:\/\/www.lelag.fr\/site\/wp-json\/wp\/v2\/tags?post=1346"}],"curies":[{"name":"wp","href":"https:\/\/api.w.org\/{rel}","templated":true}]}}