{"id":1262,"date":"2013-03-11T11:21:26","date_gmt":"2013-03-11T10:21:26","guid":{"rendered":"http:\/\/lag.bassinminier62.org\/site\/?p=1262"},"modified":"2014-01-18T13:32:35","modified_gmt":"2014-01-18T12:32:35","slug":"la-langue-de-zahra","status":"publish","type":"post","link":"https:\/\/www.lelag.fr\/site\/la-langue-de-zahra\/","title":{"rendered":"La langue de Zahra"},"content":{"rendered":"<p><strong>Programmation au LAG : vendredi 5 avril \u00e0 20h00, dans le cadre du cycle <a title=\"Docu Femmes\" href=\"http:\/\/lag.bassinminier62.org\/site\/projets-2012-2013\/docu-femmes\/\">Docu Femmes<\/a> <\/strong><\/p>\n<p><strong>En pr\u00e9sence de la r\u00e9alisatrice.<\/strong><\/p>\n<p>Un documentaire de Fatima Sissani &#8211; France 2011 &#8211; 93 minutes<\/p>\n<h2><strong>R\u00e9sum\u00e9<\/strong><\/h2>\n<p>Les Kabyles existent d&rsquo;abord par la parole. Chaque geste, chaque instant de leur quotidien peut donner lieu \u00e0 une langue de vers, de m\u00e9taphores, de proverbes&#8230; Ne dit-on pas que dans ces contreforts montagneux dont ils sont les h\u00f4tes, la joute oratoire \u00e9tait un exercice<br \/>\ncourant ? Une r\u00e9alit\u00e9 qu&rsquo;on se repr\u00e9sente mal lorsque l&rsquo;on plonge dans la soci\u00e9t\u00e9 de l&rsquo;immigration o\u00f9 ces hommes et femmes, souvent analphab\u00e8tes, sont rel\u00e9gu\u00e9s exclusivement au rang d&rsquo;ouvriers et de femmes au foyer&#8230; On imagine alors mal les orateurs qu&rsquo;ils deviennent lorsqu&rsquo;ils retournent dans leur langue. Cette r\u00e9alit\u00e9, je la pressentais. J&rsquo;en ai r\u00e9alis\u00e9 toute l&rsquo;acuit\u00e9, mesur\u00e9 la dimension en filmant ma m\u00e8re, son quotidien et son histoire. J&rsquo;ai vu, fascin\u00e9e, une femme arrim\u00e9e \u00e0 sa langue de fa\u00e7on ind\u00e9fectible. Une femme d\u00e9voilant une oralit\u00e9 transmise de g\u00e9n\u00e9ration en g\u00e9n\u00e9ration.<br \/>\nUne langue charriant \u00e9loquence et po\u00e9sie pour dire l&rsquo;enfance bucolique, l&rsquo;exil, la pauvret\u00e9&#8230; Cette langue, c&rsquo;est l&rsquo;ultime bagage que des milliers d&rsquo;\u00e9migrants kabyles ont emport\u00e9 avec eux&#8230; Une langue pour se construire un ailleurs qui ne soit pas que l&rsquo;exil.<\/p>\n<h2><strong>Festivals<\/strong><\/h2>\n<ul>\n<li>1er prix du documentaire au Festival Vues d\u2019Afrique \u00e0 Montr\u00e9al du 27 avril au 6 mai<\/li>\n<li>1er prix du Festival du cin\u00e9ma amazigh de Tizi Ouzou du 25 au 28 mars 2012<\/li>\n<li>1er prix du Festival Issni N\u2019ourgh du cin\u00e9ma amazigh \u00e0 Agadir du 6 au 9 octobre 2011<\/li>\n<\/ul>\n<h2><strong>Sur internet<br \/>\n<\/strong><\/h2>\n<ul>\n<li><a title=\"La langue de Zahra\" href=\"http:\/\/lalanguedezahra.blogspot.fr\/\">Le site du film<\/a><\/li>\n<\/ul>\n<h2><strong>En t\u00e9l\u00e9chargement<\/strong><\/h2>\n<ul>\n<li>\u00a0<a href=\"http:\/\/lag.bassinminier62.org\/site\/wp-content\/uploads\/2013\/03\/LalangueDeZahra-A3.pdf\">L&rsquo;affiche de la soir\u00e9e<\/a><\/li>\n<\/ul>\n<h2><strong>Photos du film<\/strong><\/h2>\n<div id=\"attachment_1263\" style=\"width: 254px\" class=\"wp-caption aligncenter\"><a href=\"http:\/\/lag.bassinminier62.org\/site\/wp-content\/uploads\/2013\/03\/Zahra-01.jpg\"><img loading=\"lazy\" decoding=\"async\" aria-describedby=\"caption-attachment-1263\" class=\"size-full wp-image-1263\" alt=\"La langue de Zahra\" src=\"http:\/\/lag.bassinminier62.org\/site\/wp-content\/uploads\/2013\/03\/Zahra-01.jpg\" width=\"244\" height=\"132\" \/><\/a><p id=\"caption-attachment-1263\" class=\"wp-caption-text\">La langue de Zahra<\/p><\/div>\n<p>&nbsp;<\/p>\n<div id=\"attachment_1264\" style=\"width: 310px\" class=\"wp-caption aligncenter\"><a href=\"http:\/\/lag.bassinminier62.org\/site\/wp-content\/uploads\/2013\/03\/Zahra-02.jpg\"><img loading=\"lazy\" decoding=\"async\" aria-describedby=\"caption-attachment-1264\" class=\"size-medium wp-image-1264\" alt=\"La langue de Zahra\" src=\"http:\/\/lag.bassinminier62.org\/site\/wp-content\/uploads\/2013\/03\/Zahra-02-300x209.jpg\" width=\"300\" height=\"209\" srcset=\"https:\/\/www.lelag.fr\/site\/wp-content\/uploads\/2013\/03\/Zahra-02-300x209.jpg 300w, https:\/\/www.lelag.fr\/site\/wp-content\/uploads\/2013\/03\/Zahra-02.jpg 1024w\" sizes=\"auto, (max-width: 300px) 100vw, 300px\" \/><\/a><p id=\"caption-attachment-1264\" class=\"wp-caption-text\">La langue de Zahra<\/p><\/div>\n<p>&nbsp;<\/p>\n<div id=\"attachment_1265\" style=\"width: 310px\" class=\"wp-caption aligncenter\"><a href=\"http:\/\/lag.bassinminier62.org\/site\/wp-content\/uploads\/2013\/03\/Zahra-03.jpg\"><img loading=\"lazy\" decoding=\"async\" aria-describedby=\"caption-attachment-1265\" class=\"size-medium wp-image-1265\" alt=\"La langue de Zahra\" src=\"http:\/\/lag.bassinminier62.org\/site\/wp-content\/uploads\/2013\/03\/Zahra-03-300x225.jpg\" width=\"300\" height=\"225\" srcset=\"https:\/\/www.lelag.fr\/site\/wp-content\/uploads\/2013\/03\/Zahra-03-300x225.jpg 300w, https:\/\/www.lelag.fr\/site\/wp-content\/uploads\/2013\/03\/Zahra-03-1024x768.jpg 1024w, https:\/\/www.lelag.fr\/site\/wp-content\/uploads\/2013\/03\/Zahra-03.jpg 1280w\" sizes=\"auto, (max-width: 300px) 100vw, 300px\" \/><\/a><p id=\"caption-attachment-1265\" class=\"wp-caption-text\">La langue de Zahra<\/p><\/div>\n<p>&nbsp;<\/p>\n<div id=\"attachment_1266\" style=\"width: 310px\" class=\"wp-caption aligncenter\"><a href=\"http:\/\/lag.bassinminier62.org\/site\/wp-content\/uploads\/2013\/03\/Zahra-04.jpg\"><img loading=\"lazy\" decoding=\"async\" aria-describedby=\"caption-attachment-1266\" class=\"size-medium wp-image-1266\" alt=\"La langue de Zahra\" src=\"http:\/\/lag.bassinminier62.org\/site\/wp-content\/uploads\/2013\/03\/Zahra-04-300x200.jpg\" width=\"300\" height=\"200\" srcset=\"https:\/\/www.lelag.fr\/site\/wp-content\/uploads\/2013\/03\/Zahra-04-300x200.jpg 300w, https:\/\/www.lelag.fr\/site\/wp-content\/uploads\/2013\/03\/Zahra-04.jpg 390w\" sizes=\"auto, (max-width: 300px) 100vw, 300px\" \/><\/a><p id=\"caption-attachment-1266\" class=\"wp-caption-text\">La langue de Zahra<\/p><\/div>\n<p>&nbsp;<\/p>\n<p>&nbsp;<\/p>\n<p>&nbsp;<\/p>\n","protected":false},"excerpt":{"rendered":"<p>Programmation au LAG : vendredi 5 avril \u00e0 20h00, dans le cadre du cycle Docu Femmes En pr\u00e9sence de la r\u00e9alisatrice. Un documentaire de Fatima Sissani &#8211; France 2011 &#8211; 93 minutes R\u00e9sum\u00e9 Les Kabyles existent d&rsquo;abord par la parole. &hellip; <a href=\"https:\/\/www.lelag.fr\/site\/la-langue-de-zahra\/\">Continuer la lecture <span class=\"meta-nav\">&rarr;<\/span><\/a><\/p>\n","protected":false},"author":2,"featured_media":0,"comment_status":"closed","ping_status":"closed","sticky":false,"template":"","format":"standard","meta":{"footnotes":""},"categories":[4],"tags":[],"class_list":["post-1262","post","type-post","status-publish","format-standard","hentry","category-docu-femmes-2013"],"_links":{"self":[{"href":"https:\/\/www.lelag.fr\/site\/wp-json\/wp\/v2\/posts\/1262","targetHints":{"allow":["GET"]}}],"collection":[{"href":"https:\/\/www.lelag.fr\/site\/wp-json\/wp\/v2\/posts"}],"about":[{"href":"https:\/\/www.lelag.fr\/site\/wp-json\/wp\/v2\/types\/post"}],"author":[{"embeddable":true,"href":"https:\/\/www.lelag.fr\/site\/wp-json\/wp\/v2\/users\/2"}],"replies":[{"embeddable":true,"href":"https:\/\/www.lelag.fr\/site\/wp-json\/wp\/v2\/comments?post=1262"}],"version-history":[{"count":7,"href":"https:\/\/www.lelag.fr\/site\/wp-json\/wp\/v2\/posts\/1262\/revisions"}],"predecessor-version":[{"id":1867,"href":"https:\/\/www.lelag.fr\/site\/wp-json\/wp\/v2\/posts\/1262\/revisions\/1867"}],"wp:attachment":[{"href":"https:\/\/www.lelag.fr\/site\/wp-json\/wp\/v2\/media?parent=1262"}],"wp:term":[{"taxonomy":"category","embeddable":true,"href":"https:\/\/www.lelag.fr\/site\/wp-json\/wp\/v2\/categories?post=1262"},{"taxonomy":"post_tag","embeddable":true,"href":"https:\/\/www.lelag.fr\/site\/wp-json\/wp\/v2\/tags?post=1262"}],"curies":[{"name":"wp","href":"https:\/\/api.w.org\/{rel}","templated":true}]}}