{"id":1104,"date":"2013-02-06T19:15:03","date_gmt":"2013-02-06T18:15:03","guid":{"rendered":"http:\/\/lag.bassinminier62.org\/site\/?p=1104"},"modified":"2013-02-06T19:18:54","modified_gmt":"2013-02-06T18:18:54","slug":"baz-art-a-nanas","status":"publish","type":"post","link":"https:\/\/www.lelag.fr\/site\/baz-art-a-nanas\/","title":{"rendered":"Baz Art \u00e0 Nanas"},"content":{"rendered":"<p>Elles seront au LAG le vendredi 12 avril, \u00e0 20h00. L&rsquo;entr\u00e9e est \u00e0 <a title=\"Le prix libre\" href=\"http:\/\/lag.bassinminier62.org\/site\/le-lag\/fonctionnement-charte-du-lag\/le-prix-libre\/\">Prix libre<\/a>.<\/p>\n<p>Bar + petites collations.<\/p>\n<div id=\"attachment_1105\" style=\"width: 310px\" class=\"wp-caption aligncenter\"><a href=\"http:\/\/lag.bassinminier62.org\/site\/wp-content\/uploads\/2013\/02\/BazArtANanas-01.jpg\"><img loading=\"lazy\" decoding=\"async\" aria-describedby=\"caption-attachment-1105\" class=\"size-medium wp-image-1105\" alt=\"Baz Art \u00e0 Nanas\" src=\"http:\/\/lag.bassinminier62.org\/site\/wp-content\/uploads\/2013\/02\/BazArtANanas-01-300x300.jpg\" width=\"300\" height=\"300\" srcset=\"https:\/\/www.lelag.fr\/site\/wp-content\/uploads\/2013\/02\/BazArtANanas-01-300x300.jpg 300w, https:\/\/www.lelag.fr\/site\/wp-content\/uploads\/2013\/02\/BazArtANanas-01-150x150.jpg 150w, https:\/\/www.lelag.fr\/site\/wp-content\/uploads\/2013\/02\/BazArtANanas-01.jpg 800w\" sizes=\"auto, (max-width: 300px) 100vw, 300px\" \/><\/a><p id=\"caption-attachment-1105\" class=\"wp-caption-text\">Baz Art \u00e0 Nanas<\/p><\/div>\n<div id=\"attachment_1106\" style=\"width: 310px\" class=\"wp-caption aligncenter\"><a href=\"http:\/\/lag.bassinminier62.org\/site\/wp-content\/uploads\/2013\/02\/BazArtANanas-02.jpg\"><img loading=\"lazy\" decoding=\"async\" aria-describedby=\"caption-attachment-1106\" class=\"size-medium wp-image-1106\" alt=\"Baz Art \u00e0 Nanas\" src=\"http:\/\/lag.bassinminier62.org\/site\/wp-content\/uploads\/2013\/02\/BazArtANanas-02-300x300.jpg\" width=\"300\" height=\"300\" srcset=\"https:\/\/www.lelag.fr\/site\/wp-content\/uploads\/2013\/02\/BazArtANanas-02-300x300.jpg 300w, https:\/\/www.lelag.fr\/site\/wp-content\/uploads\/2013\/02\/BazArtANanas-02-150x150.jpg 150w, https:\/\/www.lelag.fr\/site\/wp-content\/uploads\/2013\/02\/BazArtANanas-02.jpg 800w\" sizes=\"auto, (max-width: 300px) 100vw, 300px\" \/><\/a><p id=\"caption-attachment-1106\" class=\"wp-caption-text\">Baz Art \u00e0 Nanas<\/p><\/div>\n<p>&nbsp;<\/p>\n<div id=\"attachment_1107\" style=\"width: 310px\" class=\"wp-caption aligncenter\"><a href=\"http:\/\/lag.bassinminier62.org\/site\/wp-content\/uploads\/2013\/02\/BazArtANanas-03.jpg\"><img loading=\"lazy\" decoding=\"async\" aria-describedby=\"caption-attachment-1107\" class=\"size-medium wp-image-1107\" alt=\"Baz Art \u00e0 Nanas\" src=\"http:\/\/lag.bassinminier62.org\/site\/wp-content\/uploads\/2013\/02\/BazArtANanas-03-300x200.jpg\" width=\"300\" height=\"200\" srcset=\"https:\/\/www.lelag.fr\/site\/wp-content\/uploads\/2013\/02\/BazArtANanas-03-300x200.jpg 300w, https:\/\/www.lelag.fr\/site\/wp-content\/uploads\/2013\/02\/BazArtANanas-03.jpg 600w\" sizes=\"auto, (max-width: 300px) 100vw, 300px\" \/><\/a><p id=\"caption-attachment-1107\" class=\"wp-caption-text\">Baz Art \u00e0 Nanas<\/p><\/div>\n<div id=\"attachment_1108\" style=\"width: 310px\" class=\"wp-caption aligncenter\"><a href=\"http:\/\/lag.bassinminier62.org\/site\/wp-content\/uploads\/2013\/02\/BazArtANanas-04.jpg\"><img loading=\"lazy\" decoding=\"async\" aria-describedby=\"caption-attachment-1108\" class=\"size-medium wp-image-1108\" alt=\"Baz Art \u00e0 Nanas\" src=\"http:\/\/lag.bassinminier62.org\/site\/wp-content\/uploads\/2013\/02\/BazArtANanas-04-300x300.jpg\" width=\"300\" height=\"300\" srcset=\"https:\/\/www.lelag.fr\/site\/wp-content\/uploads\/2013\/02\/BazArtANanas-04-300x300.jpg 300w, https:\/\/www.lelag.fr\/site\/wp-content\/uploads\/2013\/02\/BazArtANanas-04-150x150.jpg 150w, https:\/\/www.lelag.fr\/site\/wp-content\/uploads\/2013\/02\/BazArtANanas-04.jpg 800w\" sizes=\"auto, (max-width: 300px) 100vw, 300px\" \/><\/a><p id=\"caption-attachment-1108\" class=\"wp-caption-text\">Baz Art \u00e0 Nanas<\/p><\/div>\n<p>&nbsp;<\/p>\n<p>&nbsp;<\/p>\n<p>&nbsp;<\/p>\n<p>&nbsp;<\/p>\n","protected":false},"excerpt":{"rendered":"<p>Elles seront au LAG le vendredi 12 avril, \u00e0 20h00. L&rsquo;entr\u00e9e est \u00e0 Prix libre. Bar + petites collations. &nbsp; &nbsp; &nbsp; &nbsp; &nbsp;<\/p>\n","protected":false},"author":1,"featured_media":0,"comment_status":"closed","ping_status":"closed","sticky":false,"template":"","format":"standard","meta":{"footnotes":""},"categories":[3],"tags":[],"class_list":["post-1104","post","type-post","status-publish","format-standard","hentry","category-au-lag"],"_links":{"self":[{"href":"https:\/\/www.lelag.fr\/site\/wp-json\/wp\/v2\/posts\/1104","targetHints":{"allow":["GET"]}}],"collection":[{"href":"https:\/\/www.lelag.fr\/site\/wp-json\/wp\/v2\/posts"}],"about":[{"href":"https:\/\/www.lelag.fr\/site\/wp-json\/wp\/v2\/types\/post"}],"author":[{"embeddable":true,"href":"https:\/\/www.lelag.fr\/site\/wp-json\/wp\/v2\/users\/1"}],"replies":[{"embeddable":true,"href":"https:\/\/www.lelag.fr\/site\/wp-json\/wp\/v2\/comments?post=1104"}],"version-history":[{"count":3,"href":"https:\/\/www.lelag.fr\/site\/wp-json\/wp\/v2\/posts\/1104\/revisions"}],"predecessor-version":[{"id":1152,"href":"https:\/\/www.lelag.fr\/site\/wp-json\/wp\/v2\/posts\/1104\/revisions\/1152"}],"wp:attachment":[{"href":"https:\/\/www.lelag.fr\/site\/wp-json\/wp\/v2\/media?parent=1104"}],"wp:term":[{"taxonomy":"category","embeddable":true,"href":"https:\/\/www.lelag.fr\/site\/wp-json\/wp\/v2\/categories?post=1104"},{"taxonomy":"post_tag","embeddable":true,"href":"https:\/\/www.lelag.fr\/site\/wp-json\/wp\/v2\/tags?post=1104"}],"curies":[{"name":"wp","href":"https:\/\/api.w.org\/{rel}","templated":true}]}}