{"id":7407,"global_id":"www.lelag.fr\/site?id=7407","global_id_lineage":["www.lelag.fr\/site?id=7407"],"author":"2","status":"publish","date":"2025-12-01 10:38:41","date_utc":"2025-12-01 09:38:41","modified":"2025-12-01 10:38:41","modified_utc":"2025-12-01 09:38:41","url":"https:\/\/www.lelag.fr\/site\/agenda\/boutique-du-partage-special-noel\/","rest_url":"https:\/\/www.lelag.fr\/site\/wp-json\/tribe\/events\/v1\/events\/7407","title":"Boutique du partage sp\u00e9cial No\u00ebl","description":"<p>Ouverte au public de 14h \u00e0 16h.<\/p>\n<p>Installation le matin.<\/p>","excerpt":"","slug":"boutique-du-partage-special-noel","image":false,"all_day":false,"start_date":"2025-12-18 14:00:00","start_date_details":{"year":"2025","month":"12","day":"18","hour":"14","minutes":"00","seconds":"00"},"end_date":"2025-12-18 16:00:00","end_date_details":{"year":"2025","month":"12","day":"18","hour":"16","minutes":"00","seconds":"00"},"utc_start_date":"2025-12-18 13:00:00","utc_start_date_details":{"year":"2025","month":"12","day":"18","hour":"13","minutes":"00","seconds":"00"},"utc_end_date":"2025-12-18 15:00:00","utc_end_date_details":{"year":"2025","month":"12","day":"18","hour":"15","minutes":"00","seconds":"00"},"timezone":"Europe\/Paris","timezone_abbr":"CET","cost":"","cost_details":{"currency_symbol":"$","currency_code":"USD","currency_position":"prefix","values":[]},"website":"","show_map":false,"show_map_link":true,"hide_from_listings":false,"sticky":false,"featured":false,"categories":[],"tags":[],"venue":[],"organizer":[],"custom_fields":[],"json_ld":{"@context":"http:\/\/schema.org","@type":"Event","name":"Boutique du partage sp\u00e9cial No\u00ebl","description":"&lt;p&gt;Ouverte au public de 14h \u00e0 16h. Installation le matin.&lt;\/p&gt;\\n","url":"https:\/\/www.lelag.fr\/site\/agenda\/boutique-du-partage-special-noel\/","eventAttendanceMode":"https:\/\/schema.org\/OfflineEventAttendanceMode","eventStatus":"https:\/\/schema.org\/EventScheduled","startDate":"2025-12-18T14:00:00+01:00","endDate":"2025-12-18T16:00:00+01:00","performer":"Organization"}}