{"id":7169,"global_id":"www.lelag.fr\/site?id=7169","global_id_lineage":["www.lelag.fr\/site?id=7169"],"author":"1","status":"publish","date":"2025-05-24 12:11:25","date_utc":"2025-05-24 10:11:25","modified":"2025-06-05 16:14:26","modified_utc":"2025-06-05 14:14:26","url":"https:\/\/www.lelag.fr\/site\/agenda\/je-veux-apprendre-la-france\/","rest_url":"https:\/\/www.lelag.fr\/site\/wp-json\/tribe\/events\/v1\/events\/7169","title":"Je veux apprendre la France","description":"<p><a href=\"https:\/\/www.lelag.fr\/site\/wp-content\/uploads\/2025\/05\/Je_veux_apprendre_la_france.jpg\"><img loading=\"lazy\" decoding=\"async\" class=\"aligncenter size-large wp-image-7170\" src=\"https:\/\/www.lelag.fr\/site\/wp-content\/uploads\/2025\/05\/Je_veux_apprendre_la_france-1024x576.jpg\" alt=\"\" width=\"640\" height=\"360\" srcset=\"https:\/\/www.lelag.fr\/site\/wp-content\/uploads\/2025\/05\/Je_veux_apprendre_la_france-1024x576.jpg 1024w, https:\/\/www.lelag.fr\/site\/wp-content\/uploads\/2025\/05\/Je_veux_apprendre_la_france-300x169.jpg 300w, https:\/\/www.lelag.fr\/site\/wp-content\/uploads\/2025\/05\/Je_veux_apprendre_la_france-768x432.jpg 768w, https:\/\/www.lelag.fr\/site\/wp-content\/uploads\/2025\/05\/Je_veux_apprendre_la_france.jpg 1200w\" sizes=\"auto, (max-width: 640px) 100vw, 640px\" \/><\/a><\/p>\n<p>Cin\u00e9-d\u00e9bat \u00e0 partir du film de Daniel Bouy \u00ab\u00a0Je veux apprendre la France\u00a0\u00bb. En pr\u00e9sence du r\u00e9alisateur, Daniel Bouy, et de plusieurs enseignant-es en FLE (Fran\u00e7ais Langue \u00c9trang\u00e8re) : enseignant-es FLE de La Cimade, du lyc\u00e9e B\u00e9hal, de Culture et Libert\u00e9, etc.<\/p>\n<p>Soir\u00e9e suivie d&rsquo;un repas partag\u00e9 (auberge espagnole).<\/p>\n<p>Synopsis du film :<\/p>\n<p>Dans un centre social du XVIIIe arrondissement de Paris, Marion, enseignante de fran\u00e7ais, forme chaque ann\u00e9e un groupe de jeunes migrants r\u00e9cemment arriv\u00e9s en France. Ils ont 20 ans. Ils ont quitt\u00e9 le Vietnam, le Mali ou la Tch\u00e9tch\u00e9nie pour \u00e9chapper \u00e0 la mis\u00e8re, fuir guerres et pers\u00e9cutions ou retrouver des parents. Tous aspirent \u00e0 vivre pleinement leur jeunesse dans un pays accueillant. Marion a 6 mois pour leur enseigner les bases du Fran\u00e7ais, les informer sur les rouages de la soci\u00e9t\u00e9, les guider dans leur d\u00e9couverte de la vie culturelle. Alternant cours de vocabulaire et visites de la capitale, \u00ab\u00a0Je veux apprendre la France\u00a0\u00bb est le journal intime de cette initiation.<\/p>","excerpt":"","slug":"je-veux-apprendre-la-france","image":false,"all_day":false,"start_date":"2025-06-27 19:15:00","start_date_details":{"year":"2025","month":"06","day":"27","hour":"19","minutes":"15","seconds":"00"},"end_date":"2025-06-27 21:30:00","end_date_details":{"year":"2025","month":"06","day":"27","hour":"21","minutes":"30","seconds":"00"},"utc_start_date":"2025-06-27 17:15:00","utc_start_date_details":{"year":"2025","month":"06","day":"27","hour":"17","minutes":"15","seconds":"00"},"utc_end_date":"2025-06-27 19:30:00","utc_end_date_details":{"year":"2025","month":"06","day":"27","hour":"19","minutes":"30","seconds":"00"},"timezone":"Europe\/Paris","timezone_abbr":"CEST","cost":"","cost_details":{"currency_symbol":"$","currency_code":"USD","currency_position":"prefix","values":[]},"website":"","show_map":false,"show_map_link":true,"hide_from_listings":false,"sticky":false,"featured":false,"categories":[],"tags":[],"venue":{"id":1476,"author":"1","status":"publish","date":"2013-09-14 11:34:55","date_utc":"2013-09-14 09:34:55","modified":"2022-05-19 21:34:50","modified_utc":"2022-05-19 19:34:50","url":"https:\/\/www.lelag.fr\/site\/lieu\/au-lag-cet-evenement-est-ouvert-a-toutes-tous\/","venue":"Au LAG &#8211; Cet \u00e9v\u00e8nement est ouvert \u00e0 toutes-tous.","slug":"au-lag-cet-evenement-est-ouvert-a-toutes-tous","json_ld":{"@type":"Place","name":"Au LAG &#8211; Cet \u00e9v\u00e8nement est ouvert \u00e0 toutes-tous.","description":"","url":"","address":{"@type":"PostalAddress"},"telephone":"","sameAs":""},"show_map":false,"show_map_link":false,"global_id":"www.lelag.fr\/site?id=1476","global_id_lineage":["www.lelag.fr\/site?id=1476"]},"organizer":[{"id":2128,"author":"2","status":"publish","date":"2014-04-13 01:11:31","date_utc":"2014-04-12 23:11:31","modified":"2014-04-13 01:11:31","modified_utc":"2014-04-12 23:11:31","url":"https:\/\/www.lelag.fr\/site\/organisateur\/lag\/","organizer":"LAG","slug":"lag","json_ld":{"@type":"Person","name":"LAG","description":"","url":"","telephone":"","email":"","sameAs":""},"global_id":"www.lelag.fr\/site?id=2128","global_id_lineage":["www.lelag.fr\/site?id=2128"]}],"custom_fields":[],"json_ld":{"@context":"http:\/\/schema.org","@type":"Event","name":"Je veux apprendre la France","description":"&lt;p&gt;Cin\u00e9-d\u00e9bat \u00e0 partir du film de Daniel Bouy &quot;Je veux apprendre la France&quot;. En pr\u00e9sence du r\u00e9alisateur, Daniel Bouy, et de plusieurs enseignant-es en FLE (Fran\u00e7ais Langue \u00c9trang\u00e8re) : enseignant-es FLE de La Cimade, du lyc\u00e9e B\u00e9hal, de Culture et &hellip; &lt;a href=&quot;https:\/\/www.lelag.fr\/site\/agenda\/je-veux-apprendre-la-france\/&quot;&gt;Continuer la lecture &lt;span class=&quot;meta-nav&quot;&gt;&rarr;&lt;\/span&gt;&lt;\/a&gt;&lt;\/p&gt;\\n","url":"https:\/\/www.lelag.fr\/site\/agenda\/je-veux-apprendre-la-france\/","eventAttendanceMode":"https:\/\/schema.org\/OfflineEventAttendanceMode","eventStatus":"https:\/\/schema.org\/EventScheduled","startDate":"2025-06-27T19:15:00+02:00","endDate":"2025-06-27T21:30:00+02:00","location":{"@type":"Place","name":"Au LAG &#8211; Cet \u00e9v\u00e8nement est ouvert \u00e0 toutes-tous.","description":"","url":"","address":{"@type":"PostalAddress"},"telephone":"","sameAs":""},"organizer":{"@type":"Person","name":"LAG","description":"","url":"","telephone":"","email":"","sameAs":""},"performer":"Organization"}}