{"id":6331,"global_id":"www.lelag.fr\/site?id=6331","global_id_lineage":["www.lelag.fr\/site?id=6331"],"author":"2","status":"publish","date":"2022-05-11 18:54:32","date_utc":"2022-05-11 16:54:32","modified":"2022-07-07 19:25:32","modified_utc":"2022-07-07 17:25:32","url":"https:\/\/www.lelag.fr\/site\/agenda\/cine-marmot-cinema-en-revolte\/","rest_url":"https:\/\/www.lelag.fr\/site\/wp-json\/tribe\/events\/v1\/events\/6331","title":"Cin\u00e9 Marmot","description":"<div class=\"content-txt \"><\/div>\n<div><a href=\"https:\/\/www.lelag.fr\/site\/wp-content\/uploads\/2022\/05\/avril.jpg\"><img loading=\"lazy\" decoding=\"async\" class=\"size-medium wp-image-6369 alignleft\" src=\"https:\/\/www.lelag.fr\/site\/wp-content\/uploads\/2022\/05\/avril-216x300.jpg\" alt=\"\" width=\"216\" height=\"300\" srcset=\"https:\/\/www.lelag.fr\/site\/wp-content\/uploads\/2022\/05\/avril-216x300.jpg 216w, https:\/\/www.lelag.fr\/site\/wp-content\/uploads\/2022\/05\/avril-736x1024.jpg 736w, https:\/\/www.lelag.fr\/site\/wp-content\/uploads\/2022\/05\/avril-768x1069.jpg 768w, https:\/\/www.lelag.fr\/site\/wp-content\/uploads\/2022\/05\/avril.jpg 814w\" sizes=\"auto, (max-width: 216px) 100vw, 216px\" \/><\/a>s\u00e9ance pour les enfants \u00e0\u00a0 partir de 10 ans<\/div>\n<div class=\"content-txt \">Avril et le monde truqu\u00e9 de <a class=\"xXx blue-link\" href=\"https:\/\/deref-gmx.fr\/mail\/client\/k_O4jKYl8tg\/dereferrer\/?redirectUrl=https%3A%2F%2Fwww.allocine.fr%2Fpersonne%2Ffichepersonne_gen_cpersonne%3D508029.html\" target=\"_blank\" rel=\"noopener\">Franck Ekinci<\/a>, <a class=\"xXx\n              blue-link\" href=\"https:\/\/deref-gmx.fr\/mail\/client\/K6kfIgy4t24\/dereferrer\/?redirectUrl=https%3A%2F%2Fwww.allocine.fr%2Fpersonne%2Ffichepersonne_gen_cpersonne%3D194586.html\" target=\"_blank\" rel=\"noopener\">Christian Desmares<\/a><\/div>\n<div class=\"content-txt \">\n<div class=\"titlebar \">\n<h2 class=\"titlebar-title titlebar-title-md\">synopsis<\/h2>\n<\/div>\n<div class=\"content-txt \">1941. Le monde est radicalement diff\u00e9rent de celui d\u00e9crit par l\u2019Histoire habituelle. Napol\u00e9on V r\u00e8gne sur la France, o\u00f9, comme partout sur le globe, depuis 70 ans, les savants disparaissent myst\u00e9rieusement, privant l\u2019humanit\u00e9 d\u2019inventions capitales. Ignorant notamment radio, t\u00e9l\u00e9vision, \u00e9lectricit\u00e9, aviation, moteur \u00e0 explosion, cet univers est enlis\u00e9 dans une technologie d\u00e9pass\u00e9e, comme endormi dans un savoir du XIX\u00e8me si\u00e8cle, gouvern\u00e9 par le charbon et la vapeur.<br \/>\nC\u2019est dans ce monde \u00e9trange qu\u2019une jeune fille, Avril, part \u00e0 la recherche de ses parents, scientifiques disparus, en compagnie de Darwin, son chat parlant, et de Julius, jeune gredin des rues. Ce trio devra affronter les dangers et les myst\u00e8res de ce Monde Truqu\u00e9. Qui enl\u00e8ve les savants depuis des d\u00e9cennies ? Dans quel sinistre but ?<\/div>\n<div class=\"content-txt \"><\/div>\n<\/div>\n<p>Projection priv\u00e9e : r\u00e9servation obligatoire\u00a0 sur contact@lelag.fr<\/p>","excerpt":"","slug":"cine-marmot-cinema-en-revolte","image":false,"all_day":false,"start_date":"2022-08-03 15:00:00","start_date_details":{"year":"2022","month":"08","day":"03","hour":"15","minutes":"00","seconds":"00"},"end_date":"2022-08-03 17:00:00","end_date_details":{"year":"2022","month":"08","day":"03","hour":"17","minutes":"00","seconds":"00"},"utc_start_date":"2022-08-03 13:00:00","utc_start_date_details":{"year":"2022","month":"08","day":"03","hour":"13","minutes":"00","seconds":"00"},"utc_end_date":"2022-08-03 15:00:00","utc_end_date_details":{"year":"2022","month":"08","day":"03","hour":"15","minutes":"00","seconds":"00"},"timezone":"Europe\/Paris","timezone_abbr":"CEST","cost":"","cost_details":{"currency_symbol":"","currency_code":"","currency_position":"prefix","values":[]},"website":"","show_map":false,"show_map_link":true,"hide_from_listings":false,"sticky":false,"featured":false,"categories":[],"tags":[],"venue":{"id":1476,"author":"1","status":"publish","date":"2013-09-14 11:34:55","date_utc":"2013-09-14 09:34:55","modified":"2022-05-19 21:34:50","modified_utc":"2022-05-19 19:34:50","url":"https:\/\/www.lelag.fr\/site\/lieu\/au-lag-cet-evenement-est-ouvert-a-toutes-tous\/","venue":"Au LAG &#8211; Cet \u00e9v\u00e8nement est ouvert \u00e0 toutes-tous.","slug":"au-lag-cet-evenement-est-ouvert-a-toutes-tous","json_ld":{"@type":"Place","name":"Au LAG &#8211; Cet \u00e9v\u00e8nement est ouvert \u00e0 toutes-tous.","description":"","url":"","address":{"@type":"PostalAddress"},"telephone":"","sameAs":""},"show_map":false,"show_map_link":false,"global_id":"www.lelag.fr\/site?id=1476","global_id_lineage":["www.lelag.fr\/site?id=1476"]},"organizer":[{"id":2128,"author":"2","status":"publish","date":"2014-04-13 01:11:31","date_utc":"2014-04-12 23:11:31","modified":"2014-04-13 01:11:31","modified_utc":"2014-04-12 23:11:31","url":"https:\/\/www.lelag.fr\/site\/organisateur\/lag\/","organizer":"LAG","slug":"lag","json_ld":{"@type":"Person","name":"LAG","description":"","url":"","telephone":"","email":"","sameAs":""},"global_id":"www.lelag.fr\/site?id=2128","global_id_lineage":["www.lelag.fr\/site?id=2128"]}],"custom_fields":[],"json_ld":{"@context":"http:\/\/schema.org","@type":"Event","name":"Cin\u00e9 Marmot","description":"&lt;p&gt;s\u00e9ance pour les enfants \u00e0\u00a0 partir de 10 ans Avril et le monde truqu\u00e9 de Franck Ekinci, Christian Desmares synopsis 1941. Le monde est radicalement diff\u00e9rent de celui d\u00e9crit par l\u2019Histoire habituelle. Napol\u00e9on V r\u00e8gne sur la France, o\u00f9, comme &hellip; &lt;a href=&quot;https:\/\/www.lelag.fr\/site\/agenda\/cine-marmot-cinema-en-revolte\/&quot;&gt;Continuer la lecture &lt;span class=&quot;meta-nav&quot;&gt;&rarr;&lt;\/span&gt;&lt;\/a&gt;&lt;\/p&gt;\\n","url":"https:\/\/www.lelag.fr\/site\/agenda\/cine-marmot-cinema-en-revolte\/","eventAttendanceMode":"https:\/\/schema.org\/OfflineEventAttendanceMode","eventStatus":"https:\/\/schema.org\/EventScheduled","startDate":"2022-08-03T15:00:00+02:00","endDate":"2022-08-03T17:00:00+02:00","location":{"@type":"Place","name":"Au LAG &#8211; Cet \u00e9v\u00e8nement est ouvert \u00e0 toutes-tous.","description":"","url":"","address":{"@type":"PostalAddress"},"telephone":"","sameAs":""},"organizer":{"@type":"Person","name":"LAG","description":"","url":"","telephone":"","email":"","sameAs":""},"performer":"Organization"}}