{"id":5619,"global_id":"www.lelag.fr\/site?id=5619","global_id_lineage":["www.lelag.fr\/site?id=5619"],"author":"2","status":"publish","date":"2020-10-08 19:13:46","date_utc":"2020-10-08 17:13:46","modified":"2020-10-25 11:03:43","modified_utc":"2020-10-25 10:03:43","url":"https:\/\/www.lelag.fr\/site\/agenda\/hugues-lenoir-conference-sur-leducation-libertaire\/","rest_url":"https:\/\/www.lelag.fr\/site\/wp-json\/tribe\/events\/v1\/events\/5619","title":"Hugues Lenoir conf\u00e9rence sur l&rsquo;\u00e9ducation libertaire","description":"<p>Inscrivez-vous sur contact@lelag.fr<\/p>\n<p>Cet \u00e9change sera diffus\u00e9 en direct sur micros-rebelles.fr<\/p>\n<p><a href=\"http:\/\/www.lelag.fr\/site\/wp-content\/uploads\/2020\/10\/20201107-HuguesLenoir-LAG.jpg\"><img loading=\"lazy\" decoding=\"async\" class=\"aligncenter size-full wp-image-5681\" src=\"http:\/\/www.lelag.fr\/site\/wp-content\/uploads\/2020\/10\/20201107-HuguesLenoir-LAG.jpg\" alt=\"\" width=\"1587\" height=\"2245\" srcset=\"https:\/\/www.lelag.fr\/site\/wp-content\/uploads\/2020\/10\/20201107-HuguesLenoir-LAG.jpg 1587w, https:\/\/www.lelag.fr\/site\/wp-content\/uploads\/2020\/10\/20201107-HuguesLenoir-LAG-212x300.jpg 212w, https:\/\/www.lelag.fr\/site\/wp-content\/uploads\/2020\/10\/20201107-HuguesLenoir-LAG-724x1024.jpg 724w, https:\/\/www.lelag.fr\/site\/wp-content\/uploads\/2020\/10\/20201107-HuguesLenoir-LAG-768x1086.jpg 768w, https:\/\/www.lelag.fr\/site\/wp-content\/uploads\/2020\/10\/20201107-HuguesLenoir-LAG-1086x1536.jpg 1086w, https:\/\/www.lelag.fr\/site\/wp-content\/uploads\/2020\/10\/20201107-HuguesLenoir-LAG-1448x2048.jpg 1448w\" sizes=\"auto, (max-width: 1587px) 100vw, 1587px\" \/><\/a><\/p>","excerpt":"","slug":"hugues-lenoir-conference-sur-leducation-libertaire","image":false,"all_day":false,"start_date":"2020-11-07 10:00:00","start_date_details":{"year":"2020","month":"11","day":"07","hour":"10","minutes":"00","seconds":"00"},"end_date":"2020-11-07 12:00:00","end_date_details":{"year":"2020","month":"11","day":"07","hour":"12","minutes":"00","seconds":"00"},"utc_start_date":"2020-11-07 09:00:00","utc_start_date_details":{"year":"2020","month":"11","day":"07","hour":"09","minutes":"00","seconds":"00"},"utc_end_date":"2020-11-07 11:00:00","utc_end_date_details":{"year":"2020","month":"11","day":"07","hour":"11","minutes":"00","seconds":"00"},"timezone":"Europe\/Paris","timezone_abbr":"CET","cost":"","cost_details":{"currency_symbol":"","currency_code":"","currency_position":"prefix","values":[]},"website":"","show_map":false,"show_map_link":false,"hide_from_listings":false,"sticky":false,"featured":false,"categories":[],"tags":[],"venue":[],"organizer":[],"custom_fields":[],"json_ld":{"@context":"http:\/\/schema.org","@type":"Event","name":"Hugues Lenoir conf\u00e9rence sur l&rsquo;\u00e9ducation libertaire","description":"&lt;p&gt;Inscrivez-vous sur contact@lelag.fr Cet \u00e9change sera diffus\u00e9 en direct sur micros-rebelles.fr&lt;\/p&gt;\\n","url":"https:\/\/www.lelag.fr\/site\/agenda\/hugues-lenoir-conference-sur-leducation-libertaire\/","eventAttendanceMode":"https:\/\/schema.org\/OfflineEventAttendanceMode","eventStatus":"https:\/\/schema.org\/EventScheduled","startDate":"2020-11-07T10:00:00+01:00","endDate":"2020-11-07T12:00:00+01:00","performer":"Organization"}}