{"id":5597,"global_id":"www.lelag.fr\/site?id=5597","global_id_lineage":["www.lelag.fr\/site?id=5597"],"author":"1","status":"publish","date":"2020-09-08 11:49:54","date_utc":"2020-09-08 09:49:54","modified":"2020-09-08 11:53:15","modified_utc":"2020-09-08 09:53:15","url":"https:\/\/www.lelag.fr\/site\/agenda\/atelier-numerique-avec-les-jeunes-de-lepdef-2\/","rest_url":"https:\/\/www.lelag.fr\/site\/wp-json\/tribe\/events\/v1\/events\/5597","title":"Atelier Num\u00e9rique avec les jeunes de l&rsquo;EPDEF","description":"<p>Formation interne<\/p>","excerpt":"","slug":"atelier-numerique-avec-les-jeunes-de-lepdef-2","image":false,"all_day":false,"start_date":"2020-10-14 13:30:00","start_date_details":{"year":"2020","month":"10","day":"14","hour":"13","minutes":"30","seconds":"00"},"end_date":"2020-10-14 17:00:00","end_date_details":{"year":"2020","month":"10","day":"14","hour":"17","minutes":"00","seconds":"00"},"utc_start_date":"2020-10-14 11:30:00","utc_start_date_details":{"year":"2020","month":"10","day":"14","hour":"11","minutes":"30","seconds":"00"},"utc_end_date":"2020-10-14 15:00:00","utc_end_date_details":{"year":"2020","month":"10","day":"14","hour":"15","minutes":"00","seconds":"00"},"timezone":"Europe\/Paris","timezone_abbr":"CEST","cost":"","cost_details":{"currency_symbol":"","currency_code":"","currency_position":"prefix","values":[]},"website":"","show_map":false,"show_map_link":false,"hide_from_listings":false,"sticky":false,"featured":false,"categories":[],"tags":[],"venue":{"id":1477,"author":"1","status":"publish","date":"2013-09-14 11:35:48","date_utc":"2013-09-14 09:35:48","modified":"2013-09-14 11:35:48","modified_utc":"2013-09-14 09:35:48","url":"https:\/\/www.lelag.fr\/site\/lieu\/au-lag-reunion-privee\/","venue":"Au LAG &#8211; R\u00e9union priv\u00e9e","slug":"au-lag-reunion-privee","json_ld":{"@type":"Place","name":"Au LAG &#8211; R\u00e9union priv\u00e9e","description":"","url":"","address":{"@type":"PostalAddress"},"telephone":"","sameAs":""},"show_map":false,"show_map_link":false,"global_id":"www.lelag.fr\/site?id=1477","global_id_lineage":["www.lelag.fr\/site?id=1477"]},"organizer":[{"id":2044,"author":"1","status":"publish","date":"2014-03-07 15:50:17","date_utc":"2014-03-07 14:50:17","modified":"2014-03-07 15:50:17","modified_utc":"2014-03-07 14:50:17","url":"https:\/\/www.lelag.fr\/site\/organisateur\/cliss-xxi\/","organizer":"Cliss XXI","slug":"cliss-xxi","phone":"03 21 45 78 24","website":"http:\/\/cliss21.com","json_ld":{"@type":"Person","name":"Cliss XXI","description":"","url":"http:\/\/cliss21.com","telephone":"03 21 45 78 24","email":"","sameAs":"http:\/\/cliss21.com"},"global_id":"www.lelag.fr\/site?id=2044","global_id_lineage":["www.lelag.fr\/site?id=2044"]}],"custom_fields":[],"json_ld":{"@context":"http:\/\/schema.org","@type":"Event","name":"Atelier Num\u00e9rique avec les jeunes de l&rsquo;EPDEF","description":"&lt;p&gt;Formation interne&lt;\/p&gt;\\n","url":"https:\/\/www.lelag.fr\/site\/agenda\/atelier-numerique-avec-les-jeunes-de-lepdef-2\/","eventAttendanceMode":"https:\/\/schema.org\/OfflineEventAttendanceMode","eventStatus":"https:\/\/schema.org\/EventScheduled","startDate":"2020-10-14T13:30:00+02:00","endDate":"2020-10-14T17:00:00+02:00","location":{"@type":"Place","name":"Au LAG &#8211; R\u00e9union priv\u00e9e","description":"","url":"","address":{"@type":"PostalAddress"},"telephone":"","sameAs":""},"organizer":{"@type":"Person","name":"Cliss XXI","description":"","url":"http:\/\/cliss21.com","telephone":"03 21 45 78 24","email":"","sameAs":"http:\/\/cliss21.com"},"performer":"Organization"}}