{"id":5569,"global_id":"www.lelag.fr\/site?id=5569","global_id_lineage":["www.lelag.fr\/site?id=5569"],"author":"2","status":"publish","date":"2020-07-24 15:54:32","date_utc":"2020-07-24 13:54:32","modified":"2020-07-24 15:54:32","modified_utc":"2020-07-24 13:54:32","url":"https:\/\/www.lelag.fr\/site\/agenda\/reunion-collectif-du-25-novembre\/","rest_url":"https:\/\/www.lelag.fr\/site\/wp-json\/tribe\/events\/v1\/events\/5569","title":"R\u00e9union collectif du 25 Novembre","description":"<p>r\u00e9union interne d&rsquo;organisation de l&rsquo;\u00e9v\u00e9nement du 25 Novembre 2020, \u00e0 Li\u00e9vin<\/p>","excerpt":"","slug":"reunion-collectif-du-25-novembre","image":false,"all_day":false,"start_date":"2020-09-30 10:00:00","start_date_details":{"year":"2020","month":"09","day":"30","hour":"10","minutes":"00","seconds":"00"},"end_date":"2020-09-30 12:30:00","end_date_details":{"year":"2020","month":"09","day":"30","hour":"12","minutes":"30","seconds":"00"},"utc_start_date":"2020-09-30 08:00:00","utc_start_date_details":{"year":"2020","month":"09","day":"30","hour":"08","minutes":"00","seconds":"00"},"utc_end_date":"2020-09-30 10:30:00","utc_end_date_details":{"year":"2020","month":"09","day":"30","hour":"10","minutes":"30","seconds":"00"},"timezone":"Europe\/Paris","timezone_abbr":"CEST","cost":"","cost_details":{"currency_symbol":"","currency_code":"","currency_position":"prefix","values":[]},"website":"https:\/\/www.facebook.com\/Collectif-DU-25-Novembre-341703893121152\/","show_map":false,"show_map_link":false,"hide_from_listings":false,"sticky":false,"featured":false,"categories":[],"tags":[],"venue":{"id":1477,"author":"1","status":"publish","date":"2013-09-14 11:35:48","date_utc":"2013-09-14 09:35:48","modified":"2013-09-14 11:35:48","modified_utc":"2013-09-14 09:35:48","url":"https:\/\/www.lelag.fr\/site\/lieu\/au-lag-reunion-privee\/","venue":"Au LAG &#8211; R\u00e9union priv\u00e9e","slug":"au-lag-reunion-privee","json_ld":{"@type":"Place","name":"Au LAG &#8211; R\u00e9union priv\u00e9e","description":"","url":"","address":{"@type":"PostalAddress"},"telephone":"","sameAs":""},"show_map":false,"show_map_link":false,"global_id":"www.lelag.fr\/site?id=1477","global_id_lineage":["www.lelag.fr\/site?id=1477"]},"organizer":[{"id":5571,"author":"2","status":"publish","date":"2020-07-24 15:54:32","date_utc":"2020-07-24 13:54:32","modified":"2020-07-24 15:54:32","modified_utc":"2020-07-24 13:54:32","url":"https:\/\/www.lelag.fr\/site\/organisateur\/collectif-du-25-novembre\/","organizer":"Collectif du 25 Novembre","slug":"collectif-du-25-novembre","json_ld":{"@type":"Person","name":"Collectif du 25 Novembre","description":"","url":"","telephone":"","email":"","sameAs":""},"global_id":"www.lelag.fr\/site?id=5571","global_id_lineage":["www.lelag.fr\/site?id=5571"]}],"custom_fields":[],"json_ld":{"@context":"http:\/\/schema.org","@type":"Event","name":"R\u00e9union collectif du 25 Novembre","description":"&lt;p&gt;r\u00e9union interne d\\'organisation de l\\'\u00e9v\u00e9nement du 25 Novembre 2020, \u00e0 Li\u00e9vin&lt;\/p&gt;\\n","url":"https:\/\/www.lelag.fr\/site\/agenda\/reunion-collectif-du-25-novembre\/","eventAttendanceMode":"https:\/\/schema.org\/OfflineEventAttendanceMode","eventStatus":"https:\/\/schema.org\/EventScheduled","startDate":"2020-09-30T10:00:00+02:00","endDate":"2020-09-30T12:30:00+02:00","location":{"@type":"Place","name":"Au LAG &#8211; R\u00e9union priv\u00e9e","description":"","url":"","address":{"@type":"PostalAddress"},"telephone":"","sameAs":""},"organizer":{"@type":"Person","name":"Collectif du 25 Novembre","description":"","url":"","telephone":"","email":"","sameAs":""},"performer":"Organization"}}