{"id":5538,"global_id":"www.lelag.fr\/site?id=5538","global_id_lineage":["www.lelag.fr\/site?id=5538"],"author":"2","status":"publish","date":"2020-06-15 16:35:09","date_utc":"2020-06-15 14:35:09","modified":"2020-06-15 16:42:16","modified_utc":"2020-06-15 14:42:16","url":"https:\/\/www.lelag.fr\/site\/agenda\/le-menage-du-lag-2\/","rest_url":"https:\/\/www.lelag.fr\/site\/wp-json\/tribe\/events\/v1\/events\/5538","title":"Le grand m\u00e9nage du LAG","description":"<p>Tous les mercredi apr\u00e8s midi au mois de juin , et plus si besoin, c&rsquo;est m\u00e9nage, jardinage et rangement au LAG en attendant le grand remue m\u00e9nage..<\/p>\n<p>Vous \u00eates tous et toutes les bienvenu-es<\/p>","excerpt":"","slug":"le-menage-du-lag-2","image":false,"all_day":false,"start_date":"2020-06-10 14:00:00","start_date_details":{"year":"2020","month":"06","day":"10","hour":"14","minutes":"00","seconds":"00"},"end_date":"2020-06-10 16:00:00","end_date_details":{"year":"2020","month":"06","day":"10","hour":"16","minutes":"00","seconds":"00"},"utc_start_date":"2020-06-10 12:00:00","utc_start_date_details":{"year":"2020","month":"06","day":"10","hour":"12","minutes":"00","seconds":"00"},"utc_end_date":"2020-06-10 14:00:00","utc_end_date_details":{"year":"2020","month":"06","day":"10","hour":"14","minutes":"00","seconds":"00"},"timezone":"Europe\/Paris","timezone_abbr":"CEST","cost":"","cost_details":{"currency_symbol":"","currency_code":"","currency_position":"prefix","values":[]},"website":"","show_map":false,"show_map_link":false,"hide_from_listings":false,"sticky":false,"featured":false,"categories":[],"tags":[],"venue":{"id":1476,"author":"1","status":"publish","date":"2013-09-14 11:34:55","date_utc":"2013-09-14 09:34:55","modified":"2022-05-19 21:34:50","modified_utc":"2022-05-19 19:34:50","url":"https:\/\/www.lelag.fr\/site\/lieu\/au-lag-cet-evenement-est-ouvert-a-toutes-tous\/","venue":"Au LAG &#8211; Cet \u00e9v\u00e8nement est ouvert \u00e0 toutes-tous.","slug":"au-lag-cet-evenement-est-ouvert-a-toutes-tous","json_ld":{"@type":"Place","name":"Au LAG &#8211; Cet \u00e9v\u00e8nement est ouvert \u00e0 toutes-tous.","description":"","url":"","address":{"@type":"PostalAddress"},"telephone":"","sameAs":""},"show_map":false,"show_map_link":false,"global_id":"www.lelag.fr\/site?id=1476","global_id_lineage":["www.lelag.fr\/site?id=1476"]},"organizer":[],"custom_fields":[],"json_ld":{"@context":"http:\/\/schema.org","@type":"Event","name":"Le grand m\u00e9nage du LAG","description":"&lt;p&gt;Tous les mercredi apr\u00e8s midi au mois de juin , et plus si besoin, c\\'est m\u00e9nage, jardinage et rangement au LAG en attendant le grand remue m\u00e9nage.. Vous \u00eates tous et toutes les bienvenu-es&lt;\/p&gt;\\n","url":"https:\/\/www.lelag.fr\/site\/agenda\/le-menage-du-lag-2\/","eventAttendanceMode":"https:\/\/schema.org\/OfflineEventAttendanceMode","eventStatus":"https:\/\/schema.org\/EventScheduled","startDate":"2020-06-10T14:00:00+02:00","endDate":"2020-06-10T16:00:00+02:00","location":{"@type":"Place","name":"Au LAG &#8211; Cet \u00e9v\u00e8nement est ouvert \u00e0 toutes-tous.","description":"","url":"","address":{"@type":"PostalAddress"},"telephone":"","sameAs":""},"performer":"Organization"}}