{"id":5463,"global_id":"www.lelag.fr\/site?id=5463","global_id_lineage":["www.lelag.fr\/site?id=5463"],"author":"2","status":"publish","date":"2020-02-07 11:05:37","date_utc":"2020-02-07 10:05:37","modified":"2020-02-07 11:05:37","modified_utc":"2020-02-07 10:05:37","url":"https:\/\/www.lelag.fr\/site\/agenda\/ag-du-lag-36\/","rest_url":"https:\/\/www.lelag.fr\/site\/wp-json\/tribe\/events\/v1\/events\/5463","title":"AG du LAG","description":"","excerpt":"","slug":"ag-du-lag-36","image":false,"all_day":false,"start_date":"2020-03-03 19:00:00","start_date_details":{"year":"2020","month":"03","day":"03","hour":"19","minutes":"00","seconds":"00"},"end_date":"2020-03-03 21:00:00","end_date_details":{"year":"2020","month":"03","day":"03","hour":"21","minutes":"00","seconds":"00"},"utc_start_date":"2020-03-03 18:00:00","utc_start_date_details":{"year":"2020","month":"03","day":"03","hour":"18","minutes":"00","seconds":"00"},"utc_end_date":"2020-03-03 20:00:00","utc_end_date_details":{"year":"2020","month":"03","day":"03","hour":"20","minutes":"00","seconds":"00"},"timezone":"Europe\/Paris","timezone_abbr":"CET","cost":"","cost_details":{"currency_symbol":"","currency_code":"","currency_position":"prefix","values":[]},"website":"","show_map":false,"show_map_link":false,"hide_from_listings":false,"sticky":false,"featured":false,"categories":[],"tags":[],"venue":{"id":1476,"author":"1","status":"publish","date":"2013-09-14 11:34:55","date_utc":"2013-09-14 09:34:55","modified":"2022-05-19 21:34:50","modified_utc":"2022-05-19 19:34:50","url":"https:\/\/www.lelag.fr\/site\/lieu\/au-lag-cet-evenement-est-ouvert-a-toutes-tous\/","venue":"Au LAG &#8211; Cet \u00e9v\u00e8nement est ouvert \u00e0 toutes-tous.","slug":"au-lag-cet-evenement-est-ouvert-a-toutes-tous","json_ld":{"@type":"Place","name":"Au LAG &#8211; Cet \u00e9v\u00e8nement est ouvert \u00e0 toutes-tous.","description":"","url":"","address":{"@type":"PostalAddress"},"telephone":"","sameAs":""},"show_map":false,"show_map_link":false,"global_id":"www.lelag.fr\/site?id=1476","global_id_lineage":["www.lelag.fr\/site?id=1476"]},"organizer":[{"id":2128,"author":"2","status":"publish","date":"2014-04-13 01:11:31","date_utc":"2014-04-12 23:11:31","modified":"2014-04-13 01:11:31","modified_utc":"2014-04-12 23:11:31","url":"https:\/\/www.lelag.fr\/site\/organisateur\/lag\/","organizer":"LAG","slug":"lag","json_ld":{"@type":"Person","name":"LAG","description":"","url":"","telephone":"","email":"","sameAs":""},"global_id":"www.lelag.fr\/site?id=2128","global_id_lineage":["www.lelag.fr\/site?id=2128"]}],"custom_fields":[],"json_ld":{"@context":"http:\/\/schema.org","@type":"Event","name":"AG du LAG","description":"","url":"https:\/\/www.lelag.fr\/site\/agenda\/ag-du-lag-36\/","eventAttendanceMode":"https:\/\/schema.org\/OfflineEventAttendanceMode","eventStatus":"https:\/\/schema.org\/EventScheduled","startDate":"2020-03-03T19:00:00+01:00","endDate":"2020-03-03T21:00:00+01:00","location":{"@type":"Place","name":"Au LAG &#8211; Cet \u00e9v\u00e8nement est ouvert \u00e0 toutes-tous.","description":"","url":"","address":{"@type":"PostalAddress"},"telephone":"","sameAs":""},"organizer":{"@type":"Person","name":"LAG","description":"","url":"","telephone":"","email":"","sameAs":""},"performer":"Organization"}}