{"id":5461,"global_id":"www.lelag.fr\/site?id=5461","global_id_lineage":["www.lelag.fr\/site?id=5461"],"author":"2","status":"publish","date":"2020-02-07 11:05:02","date_utc":"2020-02-07 10:05:02","modified":"2020-02-07 11:05:02","modified_utc":"2020-02-07 10:05:02","url":"https:\/\/www.lelag.fr\/site\/agenda\/reunion-ensemble-pour-le-climat-lens-lievin-5\/","rest_url":"https:\/\/www.lelag.fr\/site\/wp-json\/tribe\/events\/v1\/events\/5461","title":"R\u00e9union Ensemble Pour le Climat Lens Li\u00e9vin","description":"","excerpt":"","slug":"reunion-ensemble-pour-le-climat-lens-lievin-5","image":false,"all_day":false,"start_date":"2020-03-02 18:30:00","start_date_details":{"year":"2020","month":"03","day":"02","hour":"18","minutes":"30","seconds":"00"},"end_date":"2020-03-02 20:30:00","end_date_details":{"year":"2020","month":"03","day":"02","hour":"20","minutes":"30","seconds":"00"},"utc_start_date":"2020-03-02 17:30:00","utc_start_date_details":{"year":"2020","month":"03","day":"02","hour":"17","minutes":"30","seconds":"00"},"utc_end_date":"2020-03-02 19:30:00","utc_end_date_details":{"year":"2020","month":"03","day":"02","hour":"19","minutes":"30","seconds":"00"},"timezone":"Europe\/Paris","timezone_abbr":"CET","cost":"","cost_details":{"currency_symbol":"","currency_code":"","currency_position":"prefix","values":[]},"website":"","show_map":false,"show_map_link":false,"hide_from_listings":false,"sticky":false,"featured":false,"categories":[],"tags":[],"venue":{"id":1476,"author":"1","status":"publish","date":"2013-09-14 11:34:55","date_utc":"2013-09-14 09:34:55","modified":"2022-05-19 21:34:50","modified_utc":"2022-05-19 19:34:50","url":"https:\/\/www.lelag.fr\/site\/lieu\/au-lag-cet-evenement-est-ouvert-a-toutes-tous\/","venue":"Au LAG &#8211; Cet \u00e9v\u00e8nement est ouvert \u00e0 toutes-tous.","slug":"au-lag-cet-evenement-est-ouvert-a-toutes-tous","json_ld":{"@type":"Place","name":"Au LAG &#8211; Cet \u00e9v\u00e8nement est ouvert \u00e0 toutes-tous.","description":"","url":"","address":{"@type":"PostalAddress"},"telephone":"","sameAs":""},"show_map":false,"show_map_link":false,"global_id":"www.lelag.fr\/site?id=1476","global_id_lineage":["www.lelag.fr\/site?id=1476"]},"organizer":[{"id":4982,"author":"2","status":"publish","date":"2019-01-26 13:09:06","date_utc":"2019-01-26 12:09:06","modified":"2019-01-26 13:09:06","modified_utc":"2019-01-26 12:09:06","url":"https:\/\/www.lelag.fr\/site\/organisateur\/collectif-action-pour-le-climat-lens-lievin\/","organizer":"Collectif Action pour le Climat Lens Li\u00e9vin","slug":"collectif-action-pour-le-climat-lens-lievin","json_ld":{"@type":"Person","name":"Collectif Action pour le Climat Lens Li\u00e9vin","description":"","url":"","telephone":"","email":"","sameAs":""},"global_id":"www.lelag.fr\/site?id=4982","global_id_lineage":["www.lelag.fr\/site?id=4982"]}],"custom_fields":[],"json_ld":{"@context":"http:\/\/schema.org","@type":"Event","name":"R\u00e9union Ensemble Pour le Climat Lens Li\u00e9vin","description":"","url":"https:\/\/www.lelag.fr\/site\/agenda\/reunion-ensemble-pour-le-climat-lens-lievin-5\/","eventAttendanceMode":"https:\/\/schema.org\/OfflineEventAttendanceMode","eventStatus":"https:\/\/schema.org\/EventScheduled","startDate":"2020-03-02T18:30:00+01:00","endDate":"2020-03-02T20:30:00+01:00","location":{"@type":"Place","name":"Au LAG &#8211; Cet \u00e9v\u00e8nement est ouvert \u00e0 toutes-tous.","description":"","url":"","address":{"@type":"PostalAddress"},"telephone":"","sameAs":""},"organizer":{"@type":"Person","name":"Collectif Action pour le Climat Lens Li\u00e9vin","description":"","url":"","telephone":"","email":"","sameAs":""},"performer":"Organization"}}