{"id":5441,"global_id":"www.lelag.fr\/site?id=5441","global_id_lineage":["www.lelag.fr\/site?id=5441"],"author":"2","status":"publish","date":"2020-01-22 12:00:33","date_utc":"2020-01-22 11:00:33","modified":"2020-01-22 12:00:33","modified_utc":"2020-01-22 11:00:33","url":"https:\/\/www.lelag.fr\/site\/agenda\/la-chorale-du-lag-a-18h30-initiation-a-la-guitare-et-a-19h00-pour-chanter-3\/","rest_url":"https:\/\/www.lelag.fr\/site\/wp-json\/tribe\/events\/v1\/events\/5441","title":"La chorale du LAG \u00e0 18h30, initiation \u00e0 la guitare et \u00e0 19h00 pour chanter","description":"<h1 class=\"tribe-events-single-event-title\">Chantons ensemble en partageant des chants de lutte \u00ab Une chanson, un po\u00e8me valent plus que mille discours pour redonner espoir et go\u00fbt de la lutte \u00bb.<\/h1>","excerpt":"","slug":"la-chorale-du-lag-a-18h30-initiation-a-la-guitare-et-a-19h00-pour-chanter-3","image":false,"all_day":false,"start_date":"2020-05-12 18:30:00","start_date_details":{"year":"2020","month":"05","day":"12","hour":"18","minutes":"30","seconds":"00"},"end_date":"2020-05-12 20:30:00","end_date_details":{"year":"2020","month":"05","day":"12","hour":"20","minutes":"30","seconds":"00"},"utc_start_date":"2020-05-12 16:30:00","utc_start_date_details":{"year":"2020","month":"05","day":"12","hour":"16","minutes":"30","seconds":"00"},"utc_end_date":"2020-05-12 18:30:00","utc_end_date_details":{"year":"2020","month":"05","day":"12","hour":"18","minutes":"30","seconds":"00"},"timezone":"Europe\/Paris","timezone_abbr":"CEST","cost":"","cost_details":{"currency_symbol":"","currency_code":"","currency_position":"prefix","values":[]},"website":"","show_map":false,"show_map_link":false,"hide_from_listings":false,"sticky":false,"featured":false,"categories":[],"tags":[],"venue":{"id":1476,"author":"1","status":"publish","date":"2013-09-14 11:34:55","date_utc":"2013-09-14 09:34:55","modified":"2022-05-19 21:34:50","modified_utc":"2022-05-19 19:34:50","url":"https:\/\/www.lelag.fr\/site\/lieu\/au-lag-cet-evenement-est-ouvert-a-toutes-tous\/","venue":"Au LAG &#8211; Cet \u00e9v\u00e8nement est ouvert \u00e0 toutes-tous.","slug":"au-lag-cet-evenement-est-ouvert-a-toutes-tous","json_ld":{"@type":"Place","name":"Au LAG &#8211; Cet \u00e9v\u00e8nement est ouvert \u00e0 toutes-tous.","description":"","url":"","address":{"@type":"PostalAddress"},"telephone":"","sameAs":""},"show_map":false,"show_map_link":false,"global_id":"www.lelag.fr\/site?id=1476","global_id_lineage":["www.lelag.fr\/site?id=1476"]},"organizer":[{"id":2128,"author":"2","status":"publish","date":"2014-04-13 01:11:31","date_utc":"2014-04-12 23:11:31","modified":"2014-04-13 01:11:31","modified_utc":"2014-04-12 23:11:31","url":"https:\/\/www.lelag.fr\/site\/organisateur\/lag\/","organizer":"LAG","slug":"lag","json_ld":{"@type":"Person","name":"LAG","description":"","url":"","telephone":"","email":"","sameAs":""},"global_id":"www.lelag.fr\/site?id=2128","global_id_lineage":["www.lelag.fr\/site?id=2128"]}],"custom_fields":[],"json_ld":{"@context":"http:\/\/schema.org","@type":"Event","name":"La chorale du LAG \u00e0 18h30, initiation \u00e0 la guitare et \u00e0 19h00 pour chanter","description":"&lt;p&gt;Chantons ensemble en partageant des chants de lutte \u00ab Une chanson, un po\u00e8me valent plus que mille discours pour redonner espoir et go\u00fbt de la lutte \u00bb.&lt;\/p&gt;\\n","url":"https:\/\/www.lelag.fr\/site\/agenda\/la-chorale-du-lag-a-18h30-initiation-a-la-guitare-et-a-19h00-pour-chanter-3\/","eventAttendanceMode":"https:\/\/schema.org\/OfflineEventAttendanceMode","eventStatus":"https:\/\/schema.org\/EventScheduled","startDate":"2020-05-12T18:30:00+02:00","endDate":"2020-05-12T20:30:00+02:00","location":{"@type":"Place","name":"Au LAG &#8211; Cet \u00e9v\u00e8nement est ouvert \u00e0 toutes-tous.","description":"","url":"","address":{"@type":"PostalAddress"},"telephone":"","sameAs":""},"organizer":{"@type":"Person","name":"LAG","description":"","url":"","telephone":"","email":"","sameAs":""},"performer":"Organization"}}