{"id":3050,"global_id":"www.lelag.fr\/site?id=3050","global_id_lineage":["www.lelag.fr\/site?id=3050"],"author":"1","status":"publish","date":"2015-12-01 20:16:13","date_utc":"2015-12-01 19:16:13","modified":"2015-12-01 20:16:13","modified_utc":"2015-12-01 19:16:13","url":"https:\/\/www.lelag.fr\/site\/agenda\/reu-fraternite-rroms-10\/","rest_url":"https:\/\/www.lelag.fr\/site\/wp-json\/tribe\/events\/v1\/events\/3050","title":"R\u00e9u Fraternit\u00e9 Rroms","description":"","excerpt":"","slug":"reu-fraternite-rroms-10","image":false,"all_day":false,"start_date":"2015-12-15 19:00:00","start_date_details":{"year":"2015","month":"12","day":"15","hour":"19","minutes":"00","seconds":"00"},"end_date":"2015-12-15 21:00:00","end_date_details":{"year":"2015","month":"12","day":"15","hour":"21","minutes":"00","seconds":"00"},"utc_start_date":"2015-12-15 18:00:00","utc_start_date_details":{"year":"2015","month":"12","day":"15","hour":"18","minutes":"00","seconds":"00"},"utc_end_date":"2015-12-15 20:00:00","utc_end_date_details":{"year":"2015","month":"12","day":"15","hour":"20","minutes":"00","seconds":"00"},"timezone":"Europe\/Paris","timezone_abbr":"CET","cost":"","cost_details":{"currency_symbol":"","currency_code":"","currency_position":"prefix","values":[]},"website":"","show_map":false,"show_map_link":false,"hide_from_listings":false,"sticky":false,"featured":false,"categories":[],"tags":[],"venue":{"id":1477,"author":"1","status":"publish","date":"2013-09-14 11:35:48","date_utc":"2013-09-14 09:35:48","modified":"2013-09-14 11:35:48","modified_utc":"2013-09-14 09:35:48","url":"https:\/\/www.lelag.fr\/site\/lieu\/au-lag-reunion-privee\/","venue":"Au LAG &#8211; R\u00e9union priv\u00e9e","slug":"au-lag-reunion-privee","json_ld":{"@type":"Place","name":"Au LAG &#8211; R\u00e9union priv\u00e9e","description":"","url":"","address":{"@type":"PostalAddress"},"telephone":"","sameAs":""},"show_map":false,"show_map_link":false,"global_id":"www.lelag.fr\/site?id=1477","global_id_lineage":["www.lelag.fr\/site?id=1477"]},"organizer":[{"id":1490,"author":"1","status":"publish","date":"2013-09-21 20:18:12","date_utc":"2013-09-21 18:18:12","modified":"2013-09-21 20:18:12","modified_utc":"2013-09-21 18:18:12","url":"https:\/\/www.lelag.fr\/site\/organisateur\/fraternite-rroms-bassin-minier-62\/","organizer":"Fraternit\u00e9 Rroms bassin minier 62","slug":"fraternite-rroms-bassin-minier-62","json_ld":{"@type":"Person","name":"Fraternit\u00e9 Rroms bassin minier 62","description":"","url":"","telephone":"","email":"","sameAs":""},"global_id":"www.lelag.fr\/site?id=1490","global_id_lineage":["www.lelag.fr\/site?id=1490"]}],"custom_fields":[],"json_ld":{"@context":"http:\/\/schema.org","@type":"Event","name":"R\u00e9u Fraternit\u00e9 Rroms","description":"","url":"https:\/\/www.lelag.fr\/site\/agenda\/reu-fraternite-rroms-10\/","eventAttendanceMode":"https:\/\/schema.org\/OfflineEventAttendanceMode","eventStatus":"https:\/\/schema.org\/EventScheduled","startDate":"2015-12-15T19:00:00+01:00","endDate":"2015-12-15T21:00:00+01:00","location":{"@type":"Place","name":"Au LAG &#8211; R\u00e9union priv\u00e9e","description":"","url":"","address":{"@type":"PostalAddress"},"telephone":"","sameAs":""},"organizer":{"@type":"Person","name":"Fraternit\u00e9 Rroms bassin minier 62","description":"","url":"","telephone":"","email":"","sameAs":""},"performer":"Organization"}}