{"id":3033,"global_id":"www.lelag.fr\/site?id=3033","global_id_lineage":["www.lelag.fr\/site?id=3033"],"author":"1","status":"publish","date":"2015-10-21 21:38:32","date_utc":"2015-10-21 19:38:32","modified":"2015-11-22 08:25:42","modified_utc":"2015-11-22 07:25:42","url":"https:\/\/www.lelag.fr\/site\/agenda\/feminisme-et-decroissance-questions-sur-le-revenu-de-base\/","rest_url":"https:\/\/www.lelag.fr\/site\/wp-json\/tribe\/events\/v1\/events\/3033","title":"F\u00e9minisme et d\u00e9croissance : questions sur le revenu de base.","description":"<p>Une soir\u00e9e d\u00e9bat organis\u00e9e par le groupe <strong>\u00ab\u00a0F\u00e9minisme et d\u00e9croissance\u00a0\u00bb <\/strong>des d\u00e9croissant-es du Pas-de-Calais.<\/p>\n<p>Le th\u00e8me : le revenu de base, questions f\u00e9ministes&#8230;.<\/p>\n<ul>\n<li>Un revenu garanti pour que les femmes retournent au foyer\u00a0? Un revenu garanti pour quel syst\u00e8me productif\u00a0?<\/li>\n<li>invit\u00e9e\u00a0: Aude Vidal (co-animatrice de la revue<a href=\"http:\/\/www.lan02.org\/\"> L&rsquo;An 02<\/a>, et r\u00e9dactrice du blog <a href=\"http:\/\/blog.ecologie-politique.eu\/\">\u00ab\u00a0Mon blog sur l&rsquo;\u00e9cologie politique\u00a0\u00bb)<\/a><\/li>\n<\/ul>\n<div id=\"attachment_3045\" style=\"width: 222px\" class=\"wp-caption aligncenter\"><a href=\"http:\/\/www.lelag.fr\/site\/wp-content\/uploads\/2015\/10\/20151203-FeminismeEtRevenuGaranti.png\"><img loading=\"lazy\" decoding=\"async\" aria-describedby=\"caption-attachment-3045\" class=\"size-medium wp-image-3045\" src=\"http:\/\/www.lelag.fr\/site\/wp-content\/uploads\/2015\/10\/20151203-FeminismeEtRevenuGaranti-212x300.png\" alt=\"F\u00e9minisme et revenu garanti\" width=\"212\" height=\"300\" srcset=\"https:\/\/www.lelag.fr\/site\/wp-content\/uploads\/2015\/10\/20151203-FeminismeEtRevenuGaranti-212x300.png 212w, https:\/\/www.lelag.fr\/site\/wp-content\/uploads\/2015\/10\/20151203-FeminismeEtRevenuGaranti.png 583w\" sizes=\"auto, (max-width: 212px) 100vw, 212px\" \/><\/a><p id=\"caption-attachment-3045\" class=\"wp-caption-text\">F\u00e9minisme et revenu garanti<\/p><\/div>","excerpt":"","slug":"feminisme-et-decroissance-questions-sur-le-revenu-de-base","image":false,"all_day":false,"start_date":"2015-12-03 19:30:00","start_date_details":{"year":"2015","month":"12","day":"03","hour":"19","minutes":"30","seconds":"00"},"end_date":"2015-12-03 22:00:00","end_date_details":{"year":"2015","month":"12","day":"03","hour":"22","minutes":"00","seconds":"00"},"utc_start_date":"2015-12-03 18:30:00","utc_start_date_details":{"year":"2015","month":"12","day":"03","hour":"18","minutes":"30","seconds":"00"},"utc_end_date":"2015-12-03 21:00:00","utc_end_date_details":{"year":"2015","month":"12","day":"03","hour":"21","minutes":"00","seconds":"00"},"timezone":"Europe\/Paris","timezone_abbr":"CET","cost":"","cost_details":{"currency_symbol":"","currency_code":"","currency_position":"prefix","values":[]},"website":"","show_map":false,"show_map_link":false,"hide_from_listings":false,"sticky":false,"featured":false,"categories":[],"tags":[],"venue":{"id":1476,"author":"1","status":"publish","date":"2013-09-14 11:34:55","date_utc":"2013-09-14 09:34:55","modified":"2022-05-19 21:34:50","modified_utc":"2022-05-19 19:34:50","url":"https:\/\/www.lelag.fr\/site\/lieu\/au-lag-cet-evenement-est-ouvert-a-toutes-tous\/","venue":"Au LAG &#8211; Cet \u00e9v\u00e8nement est ouvert \u00e0 toutes-tous.","slug":"au-lag-cet-evenement-est-ouvert-a-toutes-tous","json_ld":{"@type":"Place","name":"Au LAG &#8211; Cet \u00e9v\u00e8nement est ouvert \u00e0 toutes-tous.","description":"","url":"","address":{"@type":"PostalAddress"},"telephone":"","sameAs":""},"show_map":false,"show_map_link":false,"global_id":"www.lelag.fr\/site?id=1476","global_id_lineage":["www.lelag.fr\/site?id=1476"]},"organizer":[{"id":2194,"author":"1","status":"publish","date":"2014-07-16 16:48:50","date_utc":"2014-07-16 14:48:50","modified":"2014-07-16 16:49:22","modified_utc":"2014-07-16 14:49:22","url":"https:\/\/www.lelag.fr\/site\/organisateur\/oc62-decroissant-es-du-pas-de-calais\/","organizer":"OC62 : d\u00e9croissant-es du Pas-de-Calais","slug":"oc62-decroissant-es-du-pas-de-calais","json_ld":{"@type":"Person","name":"OC62 : d\u00e9croissant-es du Pas-de-Calais","description":"","url":"","telephone":"","email":"","sameAs":""},"global_id":"www.lelag.fr\/site?id=2194","global_id_lineage":["www.lelag.fr\/site?id=2194"]}],"custom_fields":[],"json_ld":{"@context":"http:\/\/schema.org","@type":"Event","name":"F\u00e9minisme et d\u00e9croissance : questions sur le revenu de base.","description":"&lt;p&gt;Une soir\u00e9e d\u00e9bat organis\u00e9e par le groupe &quot;F\u00e9minisme et d\u00e9croissance&quot; des d\u00e9croissant-es du Pas-de-Calais. Le th\u00e8me : le revenu de base, questions f\u00e9ministes.... Un revenu garanti pour que les femmes retournent au foyer\u00a0? Un revenu garanti pour quel syst\u00e8me productif\u00a0? &hellip; &lt;a href=&quot;https:\/\/www.lelag.fr\/site\/agenda\/feminisme-et-decroissance-questions-sur-le-revenu-de-base\/&quot;&gt;Continuer la lecture &lt;span class=&quot;meta-nav&quot;&gt;&rarr;&lt;\/span&gt;&lt;\/a&gt;&lt;\/p&gt;\\n","url":"https:\/\/www.lelag.fr\/site\/agenda\/feminisme-et-decroissance-questions-sur-le-revenu-de-base\/","eventAttendanceMode":"https:\/\/schema.org\/OfflineEventAttendanceMode","eventStatus":"https:\/\/schema.org\/EventScheduled","startDate":"2015-12-03T19:30:00+01:00","endDate":"2015-12-03T22:00:00+01:00","location":{"@type":"Place","name":"Au LAG &#8211; Cet \u00e9v\u00e8nement est ouvert \u00e0 toutes-tous.","description":"","url":"","address":{"@type":"PostalAddress"},"telephone":"","sameAs":""},"organizer":{"@type":"Person","name":"OC62 : d\u00e9croissant-es du Pas-de-Calais","description":"","url":"","telephone":"","email":"","sameAs":""},"performer":"Organization"}}