{"id":2960,"global_id":"www.lelag.fr\/site?id=2960","global_id_lineage":["www.lelag.fr\/site?id=2960"],"author":"1","status":"publish","date":"2015-09-07 18:29:48","date_utc":"2015-09-07 16:29:48","modified":"2015-09-07 18:29:48","modified_utc":"2015-09-07 16:29:48","url":"https:\/\/www.lelag.fr\/site\/agenda\/reu-houille-ouille-ouille\/","rest_url":"https:\/\/www.lelag.fr\/site\/wp-json\/tribe\/events\/v1\/events\/2960","title":"R\u00e9u Houille ouille ouille","description":"","excerpt":"","slug":"reu-houille-ouille-ouille","image":false,"all_day":false,"start_date":"2015-10-02 18:00:00","start_date_details":{"year":"2015","month":"10","day":"02","hour":"18","minutes":"00","seconds":"00"},"end_date":"2015-10-02 22:00:00","end_date_details":{"year":"2015","month":"10","day":"02","hour":"22","minutes":"00","seconds":"00"},"utc_start_date":"2015-10-02 16:00:00","utc_start_date_details":{"year":"2015","month":"10","day":"02","hour":"16","minutes":"00","seconds":"00"},"utc_end_date":"2015-10-02 20:00:00","utc_end_date_details":{"year":"2015","month":"10","day":"02","hour":"20","minutes":"00","seconds":"00"},"timezone":"Europe\/Paris","timezone_abbr":"CEST","cost":"","cost_details":{"currency_symbol":"","currency_code":"","currency_position":"prefix","values":[]},"website":"","show_map":false,"show_map_link":false,"hide_from_listings":false,"sticky":false,"featured":false,"categories":[],"tags":[],"venue":{"id":1476,"author":"1","status":"publish","date":"2013-09-14 11:34:55","date_utc":"2013-09-14 09:34:55","modified":"2022-05-19 21:34:50","modified_utc":"2022-05-19 19:34:50","url":"https:\/\/www.lelag.fr\/site\/lieu\/au-lag-cet-evenement-est-ouvert-a-toutes-tous\/","venue":"Au LAG &#8211; Cet \u00e9v\u00e8nement est ouvert \u00e0 toutes-tous.","slug":"au-lag-cet-evenement-est-ouvert-a-toutes-tous","json_ld":{"@type":"Place","name":"Au LAG &#8211; Cet \u00e9v\u00e8nement est ouvert \u00e0 toutes-tous.","description":"","url":"","address":{"@type":"PostalAddress"},"telephone":"","sameAs":""},"show_map":false,"show_map_link":false,"global_id":"www.lelag.fr\/site?id=1476","global_id_lineage":["www.lelag.fr\/site?id=1476"]},"organizer":[{"id":2961,"author":"1","status":"publish","date":"2015-09-07 18:29:48","date_utc":"2015-09-07 16:29:48","modified":"2015-09-07 18:29:48","modified_utc":"2015-09-07 16:29:48","url":"https:\/\/www.lelag.fr\/site\/organisateur\/collectif-houille-ouille-ouille\/","organizer":"Collectif Houille Ouille Ouille","slug":"collectif-houille-ouille-ouille","json_ld":{"@type":"Person","name":"Collectif Houille Ouille Ouille","description":"","url":"","telephone":"","email":"","sameAs":""},"global_id":"www.lelag.fr\/site?id=2961","global_id_lineage":["www.lelag.fr\/site?id=2961"]}],"custom_fields":[],"json_ld":{"@context":"http:\/\/schema.org","@type":"Event","name":"R\u00e9u Houille ouille ouille","description":"","url":"https:\/\/www.lelag.fr\/site\/agenda\/reu-houille-ouille-ouille\/","eventAttendanceMode":"https:\/\/schema.org\/OfflineEventAttendanceMode","eventStatus":"https:\/\/schema.org\/EventScheduled","startDate":"2015-10-02T18:00:00+02:00","endDate":"2015-10-02T22:00:00+02:00","location":{"@type":"Place","name":"Au LAG &#8211; Cet \u00e9v\u00e8nement est ouvert \u00e0 toutes-tous.","description":"","url":"","address":{"@type":"PostalAddress"},"telephone":"","sameAs":""},"organizer":{"@type":"Person","name":"Collectif Houille Ouille Ouille","description":"","url":"","telephone":"","email":"","sameAs":""},"performer":"Organization"}}