{"id":2917,"global_id":"www.lelag.fr\/site?id=2917","global_id_lineage":["www.lelag.fr\/site?id=2917"],"author":"1","status":"publish","date":"2015-07-10 19:02:00","date_utc":"2015-07-10 17:02:00","modified":"2015-09-27 13:03:34","modified_utc":"2015-09-27 11:03:34","url":"https:\/\/www.lelag.fr\/site\/agenda\/paroles-de-rroms\/","rest_url":"https:\/\/www.lelag.fr\/site\/wp-json\/tribe\/events\/v1\/events\/2917","title":"Paroles de Rroms","description":"<div id=\"attachment_2996\" style=\"width: 310px\" class=\"wp-caption aligncenter\"><a href=\"http:\/\/www.lelag.fr\/site\/wp-content\/uploads\/2015\/07\/20151001-ParoleDeRroms.png\"><img loading=\"lazy\" decoding=\"async\" aria-describedby=\"caption-attachment-2996\" class=\"size-medium wp-image-2996\" src=\"http:\/\/www.lelag.fr\/site\/wp-content\/uploads\/2015\/07\/20151001-ParoleDeRroms-300x212.png\" alt=\"Parole de Rroms\" width=\"300\" height=\"212\" srcset=\"https:\/\/www.lelag.fr\/site\/wp-content\/uploads\/2015\/07\/20151001-ParoleDeRroms-300x212.png 300w, https:\/\/www.lelag.fr\/site\/wp-content\/uploads\/2015\/07\/20151001-ParoleDeRroms-1024x724.png 1024w, https:\/\/www.lelag.fr\/site\/wp-content\/uploads\/2015\/07\/20151001-ParoleDeRroms.png 1169w\" sizes=\"auto, (max-width: 300px) 100vw, 300px\" \/><\/a><p id=\"caption-attachment-2996\" class=\"wp-caption-text\">Parole de Rroms<\/p><\/div>\n<p style=\"text-align: center;\">Cliquez sur l&rsquo;image pour les infos<\/p>","excerpt":"","slug":"paroles-de-rroms","image":false,"all_day":false,"start_date":"2015-10-01 19:00:00","start_date_details":{"year":"2015","month":"10","day":"01","hour":"19","minutes":"00","seconds":"00"},"end_date":"2015-10-01 22:00:00","end_date_details":{"year":"2015","month":"10","day":"01","hour":"22","minutes":"00","seconds":"00"},"utc_start_date":"2015-10-01 17:00:00","utc_start_date_details":{"year":"2015","month":"10","day":"01","hour":"17","minutes":"00","seconds":"00"},"utc_end_date":"2015-10-01 20:00:00","utc_end_date_details":{"year":"2015","month":"10","day":"01","hour":"20","minutes":"00","seconds":"00"},"timezone":"Europe\/Paris","timezone_abbr":"CEST","cost":"","cost_details":{"currency_symbol":"","currency_code":"","currency_position":"prefix","values":[]},"website":"","show_map":false,"show_map_link":false,"hide_from_listings":false,"sticky":false,"featured":false,"categories":[],"tags":[],"venue":{"id":1476,"author":"1","status":"publish","date":"2013-09-14 11:34:55","date_utc":"2013-09-14 09:34:55","modified":"2022-05-19 21:34:50","modified_utc":"2022-05-19 19:34:50","url":"https:\/\/www.lelag.fr\/site\/lieu\/au-lag-cet-evenement-est-ouvert-a-toutes-tous\/","venue":"Au LAG &#8211; Cet \u00e9v\u00e8nement est ouvert \u00e0 toutes-tous.","slug":"au-lag-cet-evenement-est-ouvert-a-toutes-tous","json_ld":{"@type":"Place","name":"Au LAG &#8211; Cet \u00e9v\u00e8nement est ouvert \u00e0 toutes-tous.","description":"","url":"","address":{"@type":"PostalAddress"},"telephone":"","sameAs":""},"show_map":false,"show_map_link":false,"global_id":"www.lelag.fr\/site?id=1476","global_id_lineage":["www.lelag.fr\/site?id=1476"]},"organizer":[{"id":1490,"author":"1","status":"publish","date":"2013-09-21 20:18:12","date_utc":"2013-09-21 18:18:12","modified":"2013-09-21 20:18:12","modified_utc":"2013-09-21 18:18:12","url":"https:\/\/www.lelag.fr\/site\/organisateur\/fraternite-rroms-bassin-minier-62\/","organizer":"Fraternit\u00e9 Rroms bassin minier 62","slug":"fraternite-rroms-bassin-minier-62","json_ld":{"@type":"Person","name":"Fraternit\u00e9 Rroms bassin minier 62","description":"","url":"","telephone":"","email":"","sameAs":""},"global_id":"www.lelag.fr\/site?id=1490","global_id_lineage":["www.lelag.fr\/site?id=1490"]}],"custom_fields":[],"json_ld":{"@context":"http:\/\/schema.org","@type":"Event","name":"Paroles de Rroms","description":"&lt;p&gt;Parole de Rroms Cliquez sur l\\'image pour les infos&lt;\/p&gt;\\n","url":"https:\/\/www.lelag.fr\/site\/agenda\/paroles-de-rroms\/","eventAttendanceMode":"https:\/\/schema.org\/OfflineEventAttendanceMode","eventStatus":"https:\/\/schema.org\/EventScheduled","startDate":"2015-10-01T19:00:00+02:00","endDate":"2015-10-01T22:00:00+02:00","location":{"@type":"Place","name":"Au LAG &#8211; Cet \u00e9v\u00e8nement est ouvert \u00e0 toutes-tous.","description":"","url":"","address":{"@type":"PostalAddress"},"telephone":"","sameAs":""},"organizer":{"@type":"Person","name":"Fraternit\u00e9 Rroms bassin minier 62","description":"","url":"","telephone":"","email":"","sameAs":""},"performer":"Organization"}}