{"id":1447,"global_id":"www.lelag.fr\/site?id=1447","global_id_lineage":["www.lelag.fr\/site?id=1447"],"author":"1","status":"publish","date":"2013-09-09 21:18:06","date_utc":"2013-09-09 19:18:06","modified":"2013-09-14 11:54:01","modified_utc":"2013-09-14 09:54:01","url":"https:\/\/www.lelag.fr\/site\/agenda\/chorale-8\/","rest_url":"https:\/\/www.lelag.fr\/site\/wp-json\/tribe\/events\/v1\/events\/1447","title":"Chorale","description":"<p>Participez \u00e0 la chorale : <strong>Chants de lutte et d&rsquo;espoir<\/strong><\/p>\n<p><!--more--><\/p>\n<p>Quelques exemples <a href=\"http:\/\/www.politis62.org\/site\/index.php?title=Cat%C3%A9gorie:La_chorale_de_Politis_62\">sur le site de Politis 62<\/a><\/p>\n<p>De 19h30 \u00e0 21h00 : on chante<\/p>\n<p>Ensuite : auberge espagnole<\/p>\n<p>&nbsp;<\/p>","excerpt":"","slug":"chorale-8","image":false,"all_day":false,"start_date":"2013-09-27 19:30:00","start_date_details":{"year":"2013","month":"09","day":"27","hour":"19","minutes":"30","seconds":"00"},"end_date":"2013-09-27 22:00:00","end_date_details":{"year":"2013","month":"09","day":"27","hour":"22","minutes":"00","seconds":"00"},"utc_start_date":"2013-09-27 17:30:00","utc_start_date_details":{"year":"2013","month":"09","day":"27","hour":"17","minutes":"30","seconds":"00"},"utc_end_date":"2013-09-27 20:00:00","utc_end_date_details":{"year":"2013","month":"09","day":"27","hour":"20","minutes":"00","seconds":"00"},"timezone":"Europe\/Paris","timezone_abbr":"CEST","cost":"","cost_details":{"currency_symbol":"$","currency_code":"","currency_position":"","values":[]},"website":"","show_map":false,"show_map_link":false,"hide_from_listings":false,"sticky":false,"featured":false,"categories":[],"tags":[],"venue":{"id":1476,"author":"1","status":"publish","date":"2013-09-14 11:34:55","date_utc":"2013-09-14 09:34:55","modified":"2022-05-19 21:34:50","modified_utc":"2022-05-19 19:34:50","url":"https:\/\/www.lelag.fr\/site\/lieu\/au-lag-cet-evenement-est-ouvert-a-toutes-tous\/","venue":"Au LAG &#8211; Cet \u00e9v\u00e8nement est ouvert \u00e0 toutes-tous.","slug":"au-lag-cet-evenement-est-ouvert-a-toutes-tous","json_ld":{"@type":"Place","name":"Au LAG &#8211; Cet \u00e9v\u00e8nement est ouvert \u00e0 toutes-tous.","description":"","url":"","address":{"@type":"PostalAddress"},"telephone":"","sameAs":""},"show_map":false,"show_map_link":false,"global_id":"www.lelag.fr\/site?id=1476","global_id_lineage":["www.lelag.fr\/site?id=1476"]},"organizer":[],"custom_fields":[],"json_ld":{"@context":"http:\/\/schema.org","@type":"Event","name":"Chorale","description":"&lt;p&gt;Participez \u00e0 la chorale : Chants de lutte et d\\'espoir Quelques exemples sur le site de Politis 62 De 19h30 \u00e0 21h00 : on chante Ensuite : auberge espagnole &nbsp;&lt;\/p&gt;\\n","url":"https:\/\/www.lelag.fr\/site\/agenda\/chorale-8\/","eventAttendanceMode":"https:\/\/schema.org\/OfflineEventAttendanceMode","eventStatus":"https:\/\/schema.org\/EventScheduled","startDate":"2013-09-27T19:30:00+02:00","endDate":"2013-09-27T22:00:00+02:00","location":{"@type":"Place","name":"Au LAG &#8211; Cet \u00e9v\u00e8nement est ouvert \u00e0 toutes-tous.","description":"","url":"","address":{"@type":"PostalAddress"},"telephone":"","sameAs":""},"performer":"Organization"}}